{"id":236,"date":"2015-04-23T09:31:11","date_gmt":"2015-04-23T09:31:11","guid":{"rendered":"https:\/\/wtztrzebinia.pl\/?p=236"},"modified":"2015-04-23T09:31:11","modified_gmt":"2015-04-23T09:31:11","slug":"wycieczka-do-metkowa-21-04-2015r","status":"publish","type":"post","link":"https:\/\/wtztrzebinia.pl\/?p=236","title":{"rendered":"Wycieczka do M\u0119tkowa \u2013 21.04.2015r."},"content":{"rendered":"<p>Tym razem chcieli\u015bmy si\u0119 pochwali\u0107 naszymi wra\u017ceniami z wycieczki do M\u0119tkowa.<\/p>\n<p><!--more--><\/p>\n<p>Zobaczyli\u015bmy tam ko\u015bci\u00f3\u0142ek modrzewiowy z XVIII wieku przeniesiony w roku 1973 z Niegowici, w kt\u00f3rym kardyna\u0142 Karol Wojty\u0142a pe\u0142ni\u0142 funkcj\u0119 wikariusza. W \u015brodku obejrzeli\u015bmy trzy barokowe o\u0142tarze. O\u0142tarz g\u0142\u00f3wny po\u015bwi\u0119cony Matce Boskiej Cz\u0119stochowskiej, boczny prawy &#8211; Sercu Jezusowemu, boczny lewy &#8211; \u015bw. Anny Samotrze\u0107. Oprowadza\u0142 nas i opowiada\u0142 ciekawe historie bardzo mi\u0142y pan. Dzi\u0119ki niemu mogli\u015bmy tez obejrze\u0107 szaty liturgiczne, w kt\u00f3rych msze \u015bw. odprawia\u0142 Karol Wojty\u0142a.<\/p>\n<p>Nasza ma\u0142a warsztatowa wycieczka odby\u0142a si\u0119 w ramach zadania publicznego \u201eAkademia \u017cycia \u2013 2015\u201d \u2013 dofinansowanego ze \u015brodk\u00f3w Urz\u0119du Miasta w Trzebini . Ju\u017c wkr\u00f3tce kolejne relacje z nast\u0119pnych wypraw.<\/p>\n","protected":false},"excerpt":{"rendered":"<p>Tym razem chcieli\u015bmy si\u0119 pochwali\u0107 naszymi wra\u017ceniami z wycieczki do M\u0119tkowa.<\/p>\n","protected":false},"author":1,"featured_media":0,"comment_status":"open","ping_status":"open","sticky":false,"template":"","format":"standard","meta":{"footnotes":""},"categories":[7],"tags":[],"class_list":["post-236","post","type-post","status-publish","format-standard","hentry","category-aktualnosci"],"_links":{"self":[{"href":"https:\/\/wtztrzebinia.pl\/index.php?rest_route=\/wp\/v2\/posts\/236","targetHints":{"allow":["GET"]}}],"collection":[{"href":"https:\/\/wtztrzebinia.pl\/index.php?rest_route=\/wp\/v2\/posts"}],"about":[{"href":"https:\/\/wtztrzebinia.pl\/index.php?rest_route=\/wp\/v2\/types\/post"}],"author":[{"embeddable":true,"href":"https:\/\/wtztrzebinia.pl\/index.php?rest_route=\/wp\/v2\/users\/1"}],"replies":[{"embeddable":true,"href":"https:\/\/wtztrzebinia.pl\/index.php?rest_route=%2Fwp%2Fv2%2Fcomments&post=236"}],"version-history":[{"count":0,"href":"https:\/\/wtztrzebinia.pl\/index.php?rest_route=\/wp\/v2\/posts\/236\/revisions"}],"wp:attachment":[{"href":"https:\/\/wtztrzebinia.pl\/index.php?rest_route=%2Fwp%2Fv2%2Fmedia&parent=236"}],"wp:term":[{"taxonomy":"category","embeddable":true,"href":"https:\/\/wtztrzebinia.pl\/index.php?rest_route=%2Fwp%2Fv2%2Fcategories&post=236"},{"taxonomy":"post_tag","embeddable":true,"href":"https:\/\/wtztrzebinia.pl\/index.php?rest_route=%2Fwp%2Fv2%2Ftags&post=236"}],"curies":[{"name":"wp","href":"https:\/\/api.w.org\/{rel}","templated":true}]}}