{"id":229,"date":"2015-04-20T07:57:54","date_gmt":"2015-04-20T07:57:54","guid":{"rendered":"https:\/\/wtztrzebinia.pl\/?p=229"},"modified":"2015-04-20T07:57:54","modified_gmt":"2015-04-20T07:57:54","slug":"x-chrzanowska-lokomotywa-artystyczna-17-04-2015r","status":"publish","type":"post","link":"https:\/\/wtztrzebinia.pl\/?p=229","title":{"rendered":"X Chrzanowska Lokomotywa Artystyczna \u2013 17.04.2015r."},"content":{"rendered":"<p style=\"margin-bottom: 0.0001pt; line-height: normal;\"><span>Jak co roku wzi\u0119li\u015bmy udzia\u0142 w Og\u00f3lnopolskim Integracyjnym Festiwalu Ta<\/span><span>\u0144<\/span><span>ca i Piosenki \u201eChrzanowska Lokomotywa Artystyczna\u201d. W tym roku pod honorowym patronatem Darka Strychalskiego z fundacji \u201eZwyci\u0119zca\u201d oraz Marsza\u0142ka Wojew\u00f3dztwa Ma\u0142opolskiego \u2013 Marka Sowy<\/span><\/p>\n<p><!--more--><\/p>\n<p style=\"margin-bottom: 0.0001pt; line-height: normal;\">&nbsp;<\/p>\n<p style=\"margin-bottom: 0.0001pt; line-height: normal;\"><span>W miniony pi\u0105tek, 17.04.2015r. nasz uczestnik Rafa\u0142 Korczy\u0144ski zdoby\u0142 I miejsce w Festiwalu Piosenki w kategorii integracyjnej, pi\u0119knie \u015bpiewaj\u0105c przeb\u00f3j zespo\u0142u Lombard \u201ePrze\u017cyj to sam\u201d. Gratulujemy laureatowi i chwalimy si\u0119 wszem i wobec\u2026.A na koniec jeszcze jedna mi\u0142a wzmianka, jak co roku i tym razem statuetki dla laureat\u00f3w ca\u0142ego festiwalu powsta\u0142y w naszych trzebi\u0144skich warsztatowych pracowniach. <\/span><span>Dzi\u0119kujemy organizatorom za zaufanie i promowanie naszej dzia\u0142alno\u015bci.<\/span><\/p>\n","protected":false},"excerpt":{"rendered":"<p>Jak co roku wzi\u0119li\u015bmy udzia\u0142 w Og\u00f3lnopolskim Integracyjnym Festiwalu Ta\u0144ca i Piosenki \u201eChrzanowska Lokomotywa Artystyczna\u201d. W tym roku pod honorowym patronatem Darka Strychalskiego z fundacji \u201eZwyci\u0119zca\u201d oraz Marsza\u0142ka Wojew\u00f3dztwa Ma\u0142opolskiego \u2013 Marka Sowy<\/p>\n","protected":false},"author":1,"featured_media":0,"comment_status":"open","ping_status":"open","sticky":false,"template":"","format":"standard","meta":{"footnotes":""},"categories":[7],"tags":[],"class_list":["post-229","post","type-post","status-publish","format-standard","hentry","category-aktualnosci"],"_links":{"self":[{"href":"https:\/\/wtztrzebinia.pl\/index.php?rest_route=\/wp\/v2\/posts\/229","targetHints":{"allow":["GET"]}}],"collection":[{"href":"https:\/\/wtztrzebinia.pl\/index.php?rest_route=\/wp\/v2\/posts"}],"about":[{"href":"https:\/\/wtztrzebinia.pl\/index.php?rest_route=\/wp\/v2\/types\/post"}],"author":[{"embeddable":true,"href":"https:\/\/wtztrzebinia.pl\/index.php?rest_route=\/wp\/v2\/users\/1"}],"replies":[{"embeddable":true,"href":"https:\/\/wtztrzebinia.pl\/index.php?rest_route=%2Fwp%2Fv2%2Fcomments&post=229"}],"version-history":[{"count":0,"href":"https:\/\/wtztrzebinia.pl\/index.php?rest_route=\/wp\/v2\/posts\/229\/revisions"}],"wp:attachment":[{"href":"https:\/\/wtztrzebinia.pl\/index.php?rest_route=%2Fwp%2Fv2%2Fmedia&parent=229"}],"wp:term":[{"taxonomy":"category","embeddable":true,"href":"https:\/\/wtztrzebinia.pl\/index.php?rest_route=%2Fwp%2Fv2%2Fcategories&post=229"},{"taxonomy":"post_tag","embeddable":true,"href":"https:\/\/wtztrzebinia.pl\/index.php?rest_route=%2Fwp%2Fv2%2Ftags&post=229"}],"curies":[{"name":"wp","href":"https:\/\/api.w.org\/{rel}","templated":true}]}}