{"id":228,"date":"2015-04-09T10:42:08","date_gmt":"2015-04-09T10:42:08","guid":{"rendered":"https:\/\/wtztrzebinia.pl\/?p=228"},"modified":"2015-04-09T10:42:08","modified_gmt":"2015-04-09T10:42:08","slug":"spotkanie-wielkanocne-09-04-2015r","status":"publish","type":"post","link":"https:\/\/wtztrzebinia.pl\/?p=228","title":{"rendered":"Spotkanie Wielkanocne \u2013 09.04.2015r."},"content":{"rendered":"<p style=\"margin: 0cm 0cm 0.0001pt;\"><span style=\"font-family: 'Calibri','sans-serif';\">W dniu 09 kwietnia 2015r. o godzinie 10.00 odby\u0142o si\u0119 w naszych trzebi\u0144skich plac\u00f3wkach tradycyjne uroczyste Spotkanie Wielkanocne.<\/span><\/p>\n<p><!--more--><\/p>\n<p style=\"margin: 0cm 0cm 0.0001pt;\"><span style=\"font-family: 'Calibri','sans-serif';\"><\/span><\/p>\n<p style=\"margin: 0cm 0cm 0.0001pt;\"><span style=\"font-family: 'Calibri','sans-serif';\">Spotkanie to rozpocz\u0119\u0142o si\u0119 od wyst\u0119pu uczennic z Gimnazjum nr 2 z Trzebini. Ksi\u0105dz Proboszcz Stanis\u0142aw Bercal, po wsp\u00f3lnej modlitwie po\u015bwi\u0119ci\u0142 pokarmy i zasiedli\u015bmy rado\u015bnie do naszego trzebi\u0144skiego wielkanocnego sto\u0142u. Jak co roku nasza wielka sala p\u0119ka\u0142a w szwach, na wsp\u00f3lne \u015bwi\u0119towanie przyszli rodzice i opiekunowie naszych podopiecznych, przedstawiciele w\u0142adz samorz\u0105dowych Powiatu Chrzanowskiego i Gminy Trzebinia, przedstawiciele zaprzyja\u017anionych urz\u0119d\u00f3w, instytucji, szk\u00f3\u0142, instruktorzy Hufca ZHP w Trzebini, przyjaciele i wolontariusze. Pocz\u0119stunek na spotkanie i dekoracj\u0119 sali, jak zwykle przygotowali uczestnicy Warsztatu pod czujnym okiem instruktor\u00f3w. I tym nasi sprawdzeni i niezawodni rodzice wzbogacili pocz\u0119stunek domowymi ciastami i ciasteczkami. Podczas spotkania pomagali nam tak\u017ce wolontariusze z Zak\u0142adu Karnego w Trzebini. <\/span><\/p>\n<p style=\"margin: 0cm 0cm 0.0001pt;\"><span style=\"font-family: 'Calibri','sans-serif';\">Zdj\u0119cia ze spotkania mo\u017cna obejrze\u0107 w galerii.<\/span><\/p>\n","protected":false},"excerpt":{"rendered":"<p>W dniu 09 kwietnia 2015r. o godzinie 10.00 odby\u0142o si\u0119 w naszych trzebi\u0144skich plac\u00f3wkach tradycyjne uroczyste Spotkanie Wielkanocne.<\/p>\n","protected":false},"author":1,"featured_media":0,"comment_status":"open","ping_status":"open","sticky":false,"template":"","format":"standard","meta":{"footnotes":""},"categories":[7],"tags":[],"class_list":["post-228","post","type-post","status-publish","format-standard","hentry","category-aktualnosci"],"_links":{"self":[{"href":"https:\/\/wtztrzebinia.pl\/index.php?rest_route=\/wp\/v2\/posts\/228","targetHints":{"allow":["GET"]}}],"collection":[{"href":"https:\/\/wtztrzebinia.pl\/index.php?rest_route=\/wp\/v2\/posts"}],"about":[{"href":"https:\/\/wtztrzebinia.pl\/index.php?rest_route=\/wp\/v2\/types\/post"}],"author":[{"embeddable":true,"href":"https:\/\/wtztrzebinia.pl\/index.php?rest_route=\/wp\/v2\/users\/1"}],"replies":[{"embeddable":true,"href":"https:\/\/wtztrzebinia.pl\/index.php?rest_route=%2Fwp%2Fv2%2Fcomments&post=228"}],"version-history":[{"count":0,"href":"https:\/\/wtztrzebinia.pl\/index.php?rest_route=\/wp\/v2\/posts\/228\/revisions"}],"wp:attachment":[{"href":"https:\/\/wtztrzebinia.pl\/index.php?rest_route=%2Fwp%2Fv2%2Fmedia&parent=228"}],"wp:term":[{"taxonomy":"category","embeddable":true,"href":"https:\/\/wtztrzebinia.pl\/index.php?rest_route=%2Fwp%2Fv2%2Fcategories&post=228"},{"taxonomy":"post_tag","embeddable":true,"href":"https:\/\/wtztrzebinia.pl\/index.php?rest_route=%2Fwp%2Fv2%2Ftags&post=228"}],"curies":[{"name":"wp","href":"https:\/\/api.w.org\/{rel}","templated":true}]}}