{"id":227,"date":"2015-04-01T07:27:14","date_gmt":"2015-04-01T07:27:14","guid":{"rendered":"https:\/\/wtztrzebinia.pl\/?p=227"},"modified":"2015-04-01T07:27:14","modified_gmt":"2015-04-01T07:27:14","slug":"start-akademii-zycia-2015-01-04-2015r","status":"publish","type":"post","link":"https:\/\/wtztrzebinia.pl\/?p=227","title":{"rendered":"Start \u201eAkademii \u017bycia \u2013 2015\u201d \u2013 01.04.2015r."},"content":{"rendered":"<p>W dniu 01 kwietnia 2015r. rozpocz\u0119\u0142y si\u0119 w naszym warsztacie dodatkowe zaj\u0119cia dla naszych uczestnik\u00f3w, kt\u00f3re organizowane s\u0105 w ramach zadania publicznego \u201eAkademia \u017cycia-2015\u201d.&nbsp;<\/p>\n<p><!--more--><\/p>\n<p>&nbsp;<\/p>\n<p>Akademia \u017bycia to cykl zaj\u0119\u0107 dodatkowych; terapeutycznych, edukacyjnych i rehabilitacyjnych maj\u0105cych na celu ograniczenie marginalizacji i przeciwdzia\u0142ania wykluczeniu spo\u0142ecznemu os\u00f3b niepe\u0142nosprawnych. W ramach projektu organizowane s\u0105 r\u00f3\u017cnorodne zaj\u0119cia np. z arteterapii, zaj\u0119cia rekreacyjne i ruchowe, relaksacyjne, komputerowe, z zakresu komunikacji, treningu spo\u0142ecznego, organizowane s\u0105 wyj\u015bcia do kina, wyjazdy na bli\u017csze i dalsze wycieczki, wycieczki rowerowe i piesze po okolicy i wiele innych atrakcji. Projekt jest dofinansowany ze \u015brodk\u00f3w Gminy Trzebinia. Tegoroczna Akademia to ju\u017c \u00f3sma edycja. Uroczyste zako\u0144czenie Akademii odb\u0119dzie si\u0119 26 czerwca 2015r.<\/p>\n<p>Jak zwykle na bie\u017c\u0105co b\u0119dziemy informowa\u0107 o poszczeg\u00f3lnych zaj\u0119ciach realizowanych w ramach tego zadania.<\/p>\n","protected":false},"excerpt":{"rendered":"<p>W dniu 01 kwietnia 2015r. rozpocz\u0119\u0142y si\u0119 w naszym warsztacie dodatkowe zaj\u0119cia dla naszych uczestnik\u00f3w, kt\u00f3re organizowane s\u0105 w ramach zadania publicznego \u201eAkademia \u017cycia-2015\u201d.&nbsp;<\/p>\n","protected":false},"author":1,"featured_media":0,"comment_status":"open","ping_status":"open","sticky":false,"template":"","format":"standard","meta":{"footnotes":""},"categories":[7],"tags":[],"class_list":["post-227","post","type-post","status-publish","format-standard","hentry","category-aktualnosci"],"_links":{"self":[{"href":"https:\/\/wtztrzebinia.pl\/index.php?rest_route=\/wp\/v2\/posts\/227","targetHints":{"allow":["GET"]}}],"collection":[{"href":"https:\/\/wtztrzebinia.pl\/index.php?rest_route=\/wp\/v2\/posts"}],"about":[{"href":"https:\/\/wtztrzebinia.pl\/index.php?rest_route=\/wp\/v2\/types\/post"}],"author":[{"embeddable":true,"href":"https:\/\/wtztrzebinia.pl\/index.php?rest_route=\/wp\/v2\/users\/1"}],"replies":[{"embeddable":true,"href":"https:\/\/wtztrzebinia.pl\/index.php?rest_route=%2Fwp%2Fv2%2Fcomments&post=227"}],"version-history":[{"count":0,"href":"https:\/\/wtztrzebinia.pl\/index.php?rest_route=\/wp\/v2\/posts\/227\/revisions"}],"wp:attachment":[{"href":"https:\/\/wtztrzebinia.pl\/index.php?rest_route=%2Fwp%2Fv2%2Fmedia&parent=227"}],"wp:term":[{"taxonomy":"category","embeddable":true,"href":"https:\/\/wtztrzebinia.pl\/index.php?rest_route=%2Fwp%2Fv2%2Fcategories&post=227"},{"taxonomy":"post_tag","embeddable":true,"href":"https:\/\/wtztrzebinia.pl\/index.php?rest_route=%2Fwp%2Fv2%2Ftags&post=227"}],"curies":[{"name":"wp","href":"https:\/\/api.w.org\/{rel}","templated":true}]}}