{"id":223,"date":"2015-03-25T07:35:23","date_gmt":"2015-03-25T07:35:23","guid":{"rendered":"https:\/\/wtztrzebinia.pl\/?p=223"},"modified":"2015-03-25T07:35:23","modified_gmt":"2015-03-25T07:35:23","slug":"uwolnij-1-akcja-uliczna-18-03-15","status":"publish","type":"post","link":"https:\/\/wtztrzebinia.pl\/?p=223","title":{"rendered":"Uwolnij 1% &#8211; akcja uliczna &#8211; 18.03.15"},"content":{"rendered":"<p style=\"line-height: normal;\"><span>W pi\u0119kn\u0105 s\u0142oneczn\u0105 \u015brod\u0119 &#8211; 18.03.15 pracownicy i podopieczni naszych plac\u00f3wek, czyli Warsztatu Terapii Zaj\u0119ciowej i \u015awietlicy Terapeutycznej w Trzebini, rozeszli si\u0119 po ca\u0142ym centrum Trzebini.<\/span><\/p>\n<p><!--more--><\/p>\n<p style=\"line-height: normal;\"><span>Wyszli\u015bmy na Rynek i w jego okolice z ulotkami, plakatami, transparentami, aby spotka\u0107 si\u0119 z mieszka\u0144cami Trzebini i zach\u0119ci\u0107 ich do przekazania 1% podatku dochodowego na rzecz Fundacji im. Brata Alberta. Pogoda by\u0142a fantastyczna, atmosfera i nastroje uczestnik\u00f3w akcji r\u00f3wnie\u017c. Podobnie jak w ubieg\u0142ym roku spotkali\u015bmy si\u0119 z sympati\u0105 mieszka\u0144c\u00f3w Trzebini. Migawki z tego wydarzenia do obejrzenia w galerii. Kolejna taka akcja ju\u017c 13.kwietnia br. Zapraszamy!<\/span><\/p>\n","protected":false},"excerpt":{"rendered":"<p>W pi\u0119kn\u0105 s\u0142oneczn\u0105 \u015brod\u0119 &#8211; 18.03.15 pracownicy i podopieczni naszych plac\u00f3wek, czyli Warsztatu Terapii Zaj\u0119ciowej i \u015awietlicy Terapeutycznej w Trzebini, rozeszli si\u0119 po ca\u0142ym centrum Trzebini.<\/p>\n","protected":false},"author":1,"featured_media":0,"comment_status":"open","ping_status":"open","sticky":false,"template":"","format":"standard","meta":{"footnotes":""},"categories":[7],"tags":[],"class_list":["post-223","post","type-post","status-publish","format-standard","hentry","category-aktualnosci"],"_links":{"self":[{"href":"https:\/\/wtztrzebinia.pl\/index.php?rest_route=\/wp\/v2\/posts\/223","targetHints":{"allow":["GET"]}}],"collection":[{"href":"https:\/\/wtztrzebinia.pl\/index.php?rest_route=\/wp\/v2\/posts"}],"about":[{"href":"https:\/\/wtztrzebinia.pl\/index.php?rest_route=\/wp\/v2\/types\/post"}],"author":[{"embeddable":true,"href":"https:\/\/wtztrzebinia.pl\/index.php?rest_route=\/wp\/v2\/users\/1"}],"replies":[{"embeddable":true,"href":"https:\/\/wtztrzebinia.pl\/index.php?rest_route=%2Fwp%2Fv2%2Fcomments&post=223"}],"version-history":[{"count":0,"href":"https:\/\/wtztrzebinia.pl\/index.php?rest_route=\/wp\/v2\/posts\/223\/revisions"}],"wp:attachment":[{"href":"https:\/\/wtztrzebinia.pl\/index.php?rest_route=%2Fwp%2Fv2%2Fmedia&parent=223"}],"wp:term":[{"taxonomy":"category","embeddable":true,"href":"https:\/\/wtztrzebinia.pl\/index.php?rest_route=%2Fwp%2Fv2%2Fcategories&post=223"},{"taxonomy":"post_tag","embeddable":true,"href":"https:\/\/wtztrzebinia.pl\/index.php?rest_route=%2Fwp%2Fv2%2Ftags&post=223"}],"curies":[{"name":"wp","href":"https:\/\/api.w.org\/{rel}","templated":true}]}}