{"id":222,"date":"2015-02-19T12:38:22","date_gmt":"2015-02-19T12:38:22","guid":{"rendered":"https:\/\/wtztrzebinia.pl\/?p=222"},"modified":"2015-02-19T12:38:22","modified_gmt":"2015-02-19T12:38:22","slug":"dzien-zyczliwosci-18-02-2015r","status":"publish","type":"post","link":"https:\/\/wtztrzebinia.pl\/?p=222","title":{"rendered":"Dzie\u0144 \u017cyczliwo\u015bci \u2013 18.02.2015r."},"content":{"rendered":"<p>18 lutego 2015 r. na zaproszenie maluch\u00f3w z Przedszkola Samorz\u0105dowego nr 6 w Trzebini \u2013 Gaju wzi\u0119li\u015bmy udzia\u0142 w <strong><span style=\"font-family: 'Calibri','sans-serif';\">A<\/span><\/strong><span style=\"font-family: 'Calibri','sans-serif';\">kcji \u201eKotylion\u201d \u2013 18 luty \u2013 Trzebi\u0144ski Dzie\u0144 \u017byczliwo\u015bci<\/span>. O godz. 11.00 do\u0142\u0105czyli\u015bmy do dzieciak\u00f3w. Nast\u0119pnie po kilku gor\u0105cych piosenkach ruszyli\u015bmy rozdawa\u0107 u\u015bmiech i kotyliony \u017cyczliwo\u015bci mieszka\u0144com Trzebini. By\u0142o milutko.<\/p>\n","protected":false},"excerpt":{"rendered":"<p>18 lutego 2015 r. na zaproszenie maluch\u00f3w z Przedszkola Samorz\u0105dowego nr 6 w Trzebini \u2013 Gaju wzi\u0119li\u015bmy udzia\u0142 w Akcji \u201eKotylion\u201d \u2013 18 luty \u2013 Trzebi\u0144ski Dzie\u0144 \u017byczliwo\u015bci. O godz. 11.00 do\u0142\u0105czyli\u015bmy do dzieciak\u00f3w. Nast\u0119pnie po kilku gor\u0105cych piosenkach ruszyli\u015bmy rozdawa\u0107 u\u015bmiech i kotyliony \u017cyczliwo\u015bci mieszka\u0144com Trzebini. By\u0142o milutko.<\/p>\n","protected":false},"author":1,"featured_media":0,"comment_status":"open","ping_status":"open","sticky":false,"template":"","format":"standard","meta":{"footnotes":""},"categories":[7],"tags":[],"class_list":["post-222","post","type-post","status-publish","format-standard","hentry","category-aktualnosci"],"_links":{"self":[{"href":"https:\/\/wtztrzebinia.pl\/index.php?rest_route=\/wp\/v2\/posts\/222","targetHints":{"allow":["GET"]}}],"collection":[{"href":"https:\/\/wtztrzebinia.pl\/index.php?rest_route=\/wp\/v2\/posts"}],"about":[{"href":"https:\/\/wtztrzebinia.pl\/index.php?rest_route=\/wp\/v2\/types\/post"}],"author":[{"embeddable":true,"href":"https:\/\/wtztrzebinia.pl\/index.php?rest_route=\/wp\/v2\/users\/1"}],"replies":[{"embeddable":true,"href":"https:\/\/wtztrzebinia.pl\/index.php?rest_route=%2Fwp%2Fv2%2Fcomments&post=222"}],"version-history":[{"count":0,"href":"https:\/\/wtztrzebinia.pl\/index.php?rest_route=\/wp\/v2\/posts\/222\/revisions"}],"wp:attachment":[{"href":"https:\/\/wtztrzebinia.pl\/index.php?rest_route=%2Fwp%2Fv2%2Fmedia&parent=222"}],"wp:term":[{"taxonomy":"category","embeddable":true,"href":"https:\/\/wtztrzebinia.pl\/index.php?rest_route=%2Fwp%2Fv2%2Fcategories&post=222"},{"taxonomy":"post_tag","embeddable":true,"href":"https:\/\/wtztrzebinia.pl\/index.php?rest_route=%2Fwp%2Fv2%2Ftags&post=222"}],"curies":[{"name":"wp","href":"https:\/\/api.w.org\/{rel}","templated":true}]}}