{"id":219,"date":"2014-12-30T12:04:43","date_gmt":"2014-12-30T12:04:43","guid":{"rendered":"https:\/\/wtztrzebinia.pl\/?p=219"},"modified":"2014-12-30T12:04:43","modified_gmt":"2014-12-30T12:04:43","slug":"kalendarz-na-2015-cegielka-na-rzecz-fundacji-im-brata-alberta","status":"publish","type":"post","link":"https:\/\/wtztrzebinia.pl\/?p=219","title":{"rendered":"Kalendarz na 2015 &#8211; cegie\u0142ka na rzecz Fundacji im. Brata Alberta"},"content":{"rendered":"<p style=\"text-align: justify;\"><span style=\"font-family: arial,helvetica,sans-serif; font-size: small;\"><img loading=\"lazy\" decoding=\"async\" class=\" size-full wp-image-218\" src=\"https:\/\/wtztrzebinia.pl\/wp-content\/uploads\/2014\/12\/kalendarz15.jpg\" alt=\"kalendarz15.jpg\" width=\"484\" height=\"679\" srcset=\"https:\/\/wtztrzebinia.pl\/wp-content\/uploads\/2014\/12\/kalendarz15.jpg 484w, https:\/\/wtztrzebinia.pl\/wp-content\/uploads\/2014\/12\/kalendarz15-214x300.jpg 214w\" sizes=\"auto, (max-width: 484px) 100vw, 484px\" \/><\/span><\/p>\n<p style=\"text-align: justify;\"><span style=\"font-family: arial,helvetica,sans-serif; font-size: small;\">Zesz\u0142oroczny kalendarz, w kt\u00f3rym swoich postaci u\u017cyczyli Laureaci Medalu \u015bw. Brata Alberta okaza\u0142 si\u0119 wielkim przebojem, id\u0105c za ciosem postanowili\u015bmy, by w roku 2015 towarzyszy\u0142y nam najpi\u0119kniejsze prace wykonane w plac\u00f3wkach naszej Fundacji. Sztab specjalist\u00f3w i wolontariuszy przygotowa\u0142 z prac stworzonych przez niepe\u0142nosprawnych artyst\u00f3w pi\u0119kne wydawnictwo, kt\u00f3re mo\u017cna, jak co roku naby\u0107 we wszystkich plac\u00f3wkach Fundacji. Wszystkich ch\u0119tnych zapraszamy wi\u0119c do zakupu, tak\u017ce w naszej trzebi\u0144skiej siedzibie. <br \/><\/span><\/p>\n<p style=\"text-align: justify;\"><span style=\"font-family: arial,helvetica,sans-serif; font-size: small;\"><\/span><\/p>\n","protected":false},"excerpt":{"rendered":"<p>Zesz\u0142oroczny kalendarz, w kt\u00f3rym swoich postaci u\u017cyczyli Laureaci Medalu \u015bw. Brata Alberta okaza\u0142 si\u0119 wielkim przebojem, id\u0105c za ciosem postanowili\u015bmy, by w roku 2015 towarzyszy\u0142y nam najpi\u0119kniejsze prace wykonane w plac\u00f3wkach naszej Fundacji. Sztab specjalist\u00f3w i wolontariuszy przygotowa\u0142 z prac stworzonych przez niepe\u0142nosprawnych artyst\u00f3w pi\u0119kne wydawnictwo, kt\u00f3re mo\u017cna, jak co roku naby\u0107 we wszystkich plac\u00f3wkach Fundacji. Wszystkich ch\u0119tnych zapraszamy wi\u0119c do zakupu, tak\u017ce w naszej trzebi\u0144skiej siedzibie.<\/p>\n","protected":false},"author":1,"featured_media":218,"comment_status":"open","ping_status":"open","sticky":false,"template":"","format":"standard","meta":{"footnotes":""},"categories":[7],"tags":[],"class_list":["post-219","post","type-post","status-publish","format-standard","has-post-thumbnail","hentry","category-aktualnosci"],"_links":{"self":[{"href":"https:\/\/wtztrzebinia.pl\/index.php?rest_route=\/wp\/v2\/posts\/219","targetHints":{"allow":["GET"]}}],"collection":[{"href":"https:\/\/wtztrzebinia.pl\/index.php?rest_route=\/wp\/v2\/posts"}],"about":[{"href":"https:\/\/wtztrzebinia.pl\/index.php?rest_route=\/wp\/v2\/types\/post"}],"author":[{"embeddable":true,"href":"https:\/\/wtztrzebinia.pl\/index.php?rest_route=\/wp\/v2\/users\/1"}],"replies":[{"embeddable":true,"href":"https:\/\/wtztrzebinia.pl\/index.php?rest_route=%2Fwp%2Fv2%2Fcomments&post=219"}],"version-history":[{"count":0,"href":"https:\/\/wtztrzebinia.pl\/index.php?rest_route=\/wp\/v2\/posts\/219\/revisions"}],"wp:featuredmedia":[{"embeddable":true,"href":"https:\/\/wtztrzebinia.pl\/index.php?rest_route=\/wp\/v2\/media\/218"}],"wp:attachment":[{"href":"https:\/\/wtztrzebinia.pl\/index.php?rest_route=%2Fwp%2Fv2%2Fmedia&parent=219"}],"wp:term":[{"taxonomy":"category","embeddable":true,"href":"https:\/\/wtztrzebinia.pl\/index.php?rest_route=%2Fwp%2Fv2%2Fcategories&post=219"},{"taxonomy":"post_tag","embeddable":true,"href":"https:\/\/wtztrzebinia.pl\/index.php?rest_route=%2Fwp%2Fv2%2Ftags&post=219"}],"curies":[{"name":"wp","href":"https:\/\/api.w.org\/{rel}","templated":true}]}}