{"id":217,"date":"2014-12-19T07:53:42","date_gmt":"2014-12-19T07:53:42","guid":{"rendered":"https:\/\/wtztrzebinia.pl\/?p=217"},"modified":"2014-12-19T07:53:42","modified_gmt":"2014-12-19T07:53:42","slug":"koncert-zespolu-albert-band-18-12-2014r","status":"publish","type":"post","link":"https:\/\/wtztrzebinia.pl\/?p=217","title":{"rendered":"Koncert zespo\u0142u Albert Band &#8211; 18.12.2014r."},"content":{"rendered":"<p style=\"line-height: normal;\"><span>W magiczny, grudniowy cho\u0107 nadal bez\u015bnie\u017cny dzie\u0144 \u2013 18.12.14 r. odby\u0142 si\u0119 uroczysty wiecz\u00f3r kol\u0119dowy pt. \u201eNajja\u015bniejsza z gwiazd\u201d.<\/span><\/p>\n<p><!--more--><\/p>\n<p style=\"line-height: normal;\">&nbsp;<\/p>\n<p style=\"line-height: normal;\"><span>Podczas tego wieczoru w Dworze Zieleniewskich w Trzebini zagra\u0142 nasz fundacyjny zesp\u00f3\u0142 \u201eAlbert Band\u201d. Nasi arty\u015bci \u2013 instrumentali\u015bci pod kierunkiem Pani Ma\u0142gorzaty Liszki zagrali \u201eLaudate\u201d, \u201eJingle Bells\u201d oraz kol\u0119dy \u201eCicha noc\u201d i \u201eLulaj\u017ce Jezuniu\u201d, \u201eGdy \u015bliczna Panna\u201d. W spotkaniu wzi\u0119li udzia\u0142 tak\u017ce laureaci Festiwalu Piosenki \u201eM\u0142oszowskie Nutki\u201d. <\/span><\/p>\n<p style=\"line-height: normal;\"><span>Spotkaniu towarzyszy\u0142a wystawa prac \u015bwi\u0105tecznych wykonanych przez uczestnik\u00f3w WTZ w Trzebini. A dla ka\u017cdego artysty i go\u015bcia gospodarze przewidzieli ma\u0142e s\u0142odkie co nieco. By\u0142o \u015bwi\u0105tecznie, magicznie i pi\u0119knie!<\/span><\/p>\n","protected":false},"excerpt":{"rendered":"<p>W magiczny, grudniowy cho\u0107 nadal bez\u015bnie\u017cny dzie\u0144 \u2013 18.12.14 r. odby\u0142 si\u0119 uroczysty wiecz\u00f3r kol\u0119dowy pt. \u201eNajja\u015bniejsza z gwiazd\u201d.<\/p>\n","protected":false},"author":1,"featured_media":0,"comment_status":"open","ping_status":"open","sticky":false,"template":"","format":"standard","meta":{"footnotes":""},"categories":[7],"tags":[],"class_list":["post-217","post","type-post","status-publish","format-standard","hentry","category-aktualnosci"],"_links":{"self":[{"href":"https:\/\/wtztrzebinia.pl\/index.php?rest_route=\/wp\/v2\/posts\/217","targetHints":{"allow":["GET"]}}],"collection":[{"href":"https:\/\/wtztrzebinia.pl\/index.php?rest_route=\/wp\/v2\/posts"}],"about":[{"href":"https:\/\/wtztrzebinia.pl\/index.php?rest_route=\/wp\/v2\/types\/post"}],"author":[{"embeddable":true,"href":"https:\/\/wtztrzebinia.pl\/index.php?rest_route=\/wp\/v2\/users\/1"}],"replies":[{"embeddable":true,"href":"https:\/\/wtztrzebinia.pl\/index.php?rest_route=%2Fwp%2Fv2%2Fcomments&post=217"}],"version-history":[{"count":0,"href":"https:\/\/wtztrzebinia.pl\/index.php?rest_route=\/wp\/v2\/posts\/217\/revisions"}],"wp:attachment":[{"href":"https:\/\/wtztrzebinia.pl\/index.php?rest_route=%2Fwp%2Fv2%2Fmedia&parent=217"}],"wp:term":[{"taxonomy":"category","embeddable":true,"href":"https:\/\/wtztrzebinia.pl\/index.php?rest_route=%2Fwp%2Fv2%2Fcategories&post=217"},{"taxonomy":"post_tag","embeddable":true,"href":"https:\/\/wtztrzebinia.pl\/index.php?rest_route=%2Fwp%2Fv2%2Ftags&post=217"}],"curies":[{"name":"wp","href":"https:\/\/api.w.org\/{rel}","templated":true}]}}