{"id":216,"date":"2014-12-19T07:53:02","date_gmt":"2014-12-19T07:53:02","guid":{"rendered":"https:\/\/wtztrzebinia.pl\/?p=216"},"modified":"2014-12-19T07:53:02","modified_gmt":"2014-12-19T07:53:02","slug":"spotkanie-oplatkowe-15-12-2014r","status":"publish","type":"post","link":"https:\/\/wtztrzebinia.pl\/?p=216","title":{"rendered":"Spotkanie op\u0142atkowe \u2013 15.12.2014r."},"content":{"rendered":"<p style=\"line-height: normal;\"><span>15 grudnia 2014r. o godzinie 10.00 odby\u0142o si\u0119 w naszych trzebi\u0144skich plac\u00f3wkach doroczne uroczyste spotkanie op\u0142atkowe.<\/span><\/p>\n<p><!--more--><\/p>\n<p style=\"line-height: normal;\">&nbsp;<\/p>\n<p style=\"line-height: normal;\"><span>W spotkaniu tym, jak co roku wzi\u0119li udzia\u0142 uczestnicy Warsztatu i \u015awietlicy Terapeutycznej, ich rodzice i opiekunowie, wolontariusze i zaproszeni go\u015bcie; przedstawiciele samorz\u0105du powiatowego i miejskiego, w\u0142adze statutowe Fundacji im. Brata Alberta, przedstawiciele instytucji wsp\u00f3\u0142pracuj\u0105cych z WTZ oraz przyjaciele z innych fundacyjnych jednostek oraz kap\u0142ani z dekanatu trzebi\u0144skiego. Spotkanie rozpocz\u0119\u0142o si\u0119 kr\u00f3tkim programem artystycznym w wykonaniu podopiecznych Warsztatu i \u015awietlicy Terapeutycznej.<\/span><\/p>\n<p style=\"line-height: normal;\"><span>\u017byczenia dla wszystkich zebranych z\u0142o\u017cy\u0142 Ksi\u0105dz Tadeusz Isakowicz- Zaleski \u2013 prezes Fundacji im. Brata Alberta a modlitw\u0119 poprowadzi\u0142 i dokona\u0142 po\u015bwi\u0119cenia op\u0142atk\u00f3w Ksi\u0105dz Proboszcz Stanis\u0142aw Bercal oraz. Po uroczystej cz\u0119\u015bci oficjalnej nast\u0105pi\u0142o tradycyjne \u0142amanie si\u0119 op\u0142atkiem, \u017cyczenia \u015bwi\u0105teczne i \u015bwi\u0105teczny pocz\u0119stunek.<\/span><\/p>\n","protected":false},"excerpt":{"rendered":"<p>15 grudnia 2014r. o godzinie 10.00 odby\u0142o si\u0119 w naszych trzebi\u0144skich plac\u00f3wkach doroczne uroczyste spotkanie op\u0142atkowe.<\/p>\n","protected":false},"author":1,"featured_media":0,"comment_status":"open","ping_status":"open","sticky":false,"template":"","format":"standard","meta":{"footnotes":""},"categories":[7],"tags":[],"class_list":["post-216","post","type-post","status-publish","format-standard","hentry","category-aktualnosci"],"_links":{"self":[{"href":"https:\/\/wtztrzebinia.pl\/index.php?rest_route=\/wp\/v2\/posts\/216","targetHints":{"allow":["GET"]}}],"collection":[{"href":"https:\/\/wtztrzebinia.pl\/index.php?rest_route=\/wp\/v2\/posts"}],"about":[{"href":"https:\/\/wtztrzebinia.pl\/index.php?rest_route=\/wp\/v2\/types\/post"}],"author":[{"embeddable":true,"href":"https:\/\/wtztrzebinia.pl\/index.php?rest_route=\/wp\/v2\/users\/1"}],"replies":[{"embeddable":true,"href":"https:\/\/wtztrzebinia.pl\/index.php?rest_route=%2Fwp%2Fv2%2Fcomments&post=216"}],"version-history":[{"count":0,"href":"https:\/\/wtztrzebinia.pl\/index.php?rest_route=\/wp\/v2\/posts\/216\/revisions"}],"wp:attachment":[{"href":"https:\/\/wtztrzebinia.pl\/index.php?rest_route=%2Fwp%2Fv2%2Fmedia&parent=216"}],"wp:term":[{"taxonomy":"category","embeddable":true,"href":"https:\/\/wtztrzebinia.pl\/index.php?rest_route=%2Fwp%2Fv2%2Fcategories&post=216"},{"taxonomy":"post_tag","embeddable":true,"href":"https:\/\/wtztrzebinia.pl\/index.php?rest_route=%2Fwp%2Fv2%2Ftags&post=216"}],"curies":[{"name":"wp","href":"https:\/\/api.w.org\/{rel}","templated":true}]}}