{"id":215,"date":"2014-12-19T07:52:27","date_gmt":"2014-12-19T07:52:27","guid":{"rendered":"https:\/\/wtztrzebinia.pl\/?p=215"},"modified":"2014-12-19T07:52:27","modified_gmt":"2014-12-19T07:52:27","slug":"integracyjne-mikolajki-w-swietlicy-terapeutycznej-08-12-2014r","status":"publish","type":"post","link":"https:\/\/wtztrzebinia.pl\/?p=215","title":{"rendered":"Integracyjne Miko\u0142ajki w \u015awietlicy  Terapeutycznej \u2013 08.12.2014r."},"content":{"rendered":"<p>Jak tradycja nakazuje, w grudniu grzeczne dzieci (i nie tylko), odwiedza \u015awi\u0119ty Miko\u0142aj. Jak si\u0119 okaza\u0142o 08.12.14r. w naszej \u015awietlicy grzecznych dzieciak\u00f3w i mi\u0142ej m\u0142odzie\u017cy nie brakuje\u2026.<\/p>\n<p><!--more--><\/p>\n<p>Nasze miko\u0142ajkowe spotkanie rozpocz\u0119\u0142o si\u0119 interaktywnym przedstawieniem pt. \u201ePrzygody Chytrego Lisa Witalisa\u201d. Wszyscy przezywali jego przygody, pomagali mu wydosta\u0107 si\u0119 z tarapat\u00f3w, krzyczeli, machali r\u0119kami, falowali\u2026.oj dzia\u0142o si\u0119 dzia\u0142o\u2026<\/p>\n<p>Po przedstawieniu za\u015b sam Lis Witalis i jego pomocnik wr\u0119czyli wszystkim zebranym paczki, kt\u00f3re zostawi\u0142 dla nich \u015awi\u0119ty Miko\u0142aj.<\/p>\n<p>Reszta spotkania up\u0142yn\u0119\u0142a za\u015b wszystkim dzieciom na wsp\u00f3lnej zabawach z konkursami i zaj\u0119ciach plastycznych no i oczywi\u015bcie na przegl\u0105daniu prezent\u00f3w. To mi\u0142e spotkanie zosta\u0142o dofinansowane ze \u015brodk\u00f3w PFRON.<\/p>\n","protected":false},"excerpt":{"rendered":"<p>Jak tradycja nakazuje, w grudniu grzeczne dzieci (i nie tylko), odwiedza \u015awi\u0119ty Miko\u0142aj. Jak si\u0119 okaza\u0142o 08.12.14r. w naszej \u015awietlicy grzecznych dzieciak\u00f3w i mi\u0142ej m\u0142odzie\u017cy nie brakuje\u2026.<\/p>\n","protected":false},"author":1,"featured_media":0,"comment_status":"open","ping_status":"open","sticky":false,"template":"","format":"standard","meta":{"footnotes":""},"categories":[7],"tags":[],"class_list":["post-215","post","type-post","status-publish","format-standard","hentry","category-aktualnosci"],"_links":{"self":[{"href":"https:\/\/wtztrzebinia.pl\/index.php?rest_route=\/wp\/v2\/posts\/215","targetHints":{"allow":["GET"]}}],"collection":[{"href":"https:\/\/wtztrzebinia.pl\/index.php?rest_route=\/wp\/v2\/posts"}],"about":[{"href":"https:\/\/wtztrzebinia.pl\/index.php?rest_route=\/wp\/v2\/types\/post"}],"author":[{"embeddable":true,"href":"https:\/\/wtztrzebinia.pl\/index.php?rest_route=\/wp\/v2\/users\/1"}],"replies":[{"embeddable":true,"href":"https:\/\/wtztrzebinia.pl\/index.php?rest_route=%2Fwp%2Fv2%2Fcomments&post=215"}],"version-history":[{"count":0,"href":"https:\/\/wtztrzebinia.pl\/index.php?rest_route=\/wp\/v2\/posts\/215\/revisions"}],"wp:attachment":[{"href":"https:\/\/wtztrzebinia.pl\/index.php?rest_route=%2Fwp%2Fv2%2Fmedia&parent=215"}],"wp:term":[{"taxonomy":"category","embeddable":true,"href":"https:\/\/wtztrzebinia.pl\/index.php?rest_route=%2Fwp%2Fv2%2Fcategories&post=215"},{"taxonomy":"post_tag","embeddable":true,"href":"https:\/\/wtztrzebinia.pl\/index.php?rest_route=%2Fwp%2Fv2%2Ftags&post=215"}],"curies":[{"name":"wp","href":"https:\/\/api.w.org\/{rel}","templated":true}]}}