{"id":210,"date":"2014-12-02T10:09:04","date_gmt":"2014-12-02T10:09:04","guid":{"rendered":"https:\/\/wtztrzebinia.pl\/?p=210"},"modified":"2014-12-02T10:09:04","modified_gmt":"2014-12-02T10:09:04","slug":"100-lecie-zuchow-08-11-2014r","status":"publish","type":"post","link":"https:\/\/wtztrzebinia.pl\/?p=210","title":{"rendered":"100- lecie Zuch\u00f3w &#8211; 08.11.2014r."},"content":{"rendered":"<p>W dniu 08.11.14 go\u015bcili\u015bmy w naszych progach Zuch\u00f3w, Harcerzy, Instruktor\u00f3w i Przyjaci\u00f3\u0142 Hufca ZHP na obchodach 100-lecia Zuch\u00f3w w Polsce.<\/p>\n<p><!--more--><\/p>\n<p>W programie spotkania pojawi\u0142o si\u0119 wyst\u0105pienie Komendanta Chor\u0105gwi Krakowskiej, Komendanta Hufca ZHP w Trzebini, wr\u0119czenie odznacze\u0144 i statuetek za d\u0142ugoletni\u0105 wsp\u00f3\u0142prac\u0119 i zaanga\u017cowanie \u017cycie gromad zuchowych, a tak\u017ce wyst\u0119py artystyczne zuch\u00f3w i harcerzy. By\u0142o tak\u017ce co\u015b pysznego dla wszystkich, ciep\u0142a herbatka (bo dzie\u0144 by\u0142 deszczowy) i wsp\u00f3lne wspominki. Migawki ze spotkania do obejrzenia w naszej galerii.<\/p>\n","protected":false},"excerpt":{"rendered":"<p>W dniu 08.11.14 go\u015bcili\u015bmy w naszych progach Zuch\u00f3w, Harcerzy, Instruktor\u00f3w i Przyjaci\u00f3\u0142 Hufca ZHP na obchodach 100-lecia Zuch\u00f3w w Polsce.<\/p>\n","protected":false},"author":1,"featured_media":0,"comment_status":"open","ping_status":"open","sticky":false,"template":"","format":"standard","meta":{"footnotes":""},"categories":[7],"tags":[],"class_list":["post-210","post","type-post","status-publish","format-standard","hentry","category-aktualnosci"],"_links":{"self":[{"href":"https:\/\/wtztrzebinia.pl\/index.php?rest_route=\/wp\/v2\/posts\/210","targetHints":{"allow":["GET"]}}],"collection":[{"href":"https:\/\/wtztrzebinia.pl\/index.php?rest_route=\/wp\/v2\/posts"}],"about":[{"href":"https:\/\/wtztrzebinia.pl\/index.php?rest_route=\/wp\/v2\/types\/post"}],"author":[{"embeddable":true,"href":"https:\/\/wtztrzebinia.pl\/index.php?rest_route=\/wp\/v2\/users\/1"}],"replies":[{"embeddable":true,"href":"https:\/\/wtztrzebinia.pl\/index.php?rest_route=%2Fwp%2Fv2%2Fcomments&post=210"}],"version-history":[{"count":0,"href":"https:\/\/wtztrzebinia.pl\/index.php?rest_route=\/wp\/v2\/posts\/210\/revisions"}],"wp:attachment":[{"href":"https:\/\/wtztrzebinia.pl\/index.php?rest_route=%2Fwp%2Fv2%2Fmedia&parent=210"}],"wp:term":[{"taxonomy":"category","embeddable":true,"href":"https:\/\/wtztrzebinia.pl\/index.php?rest_route=%2Fwp%2Fv2%2Fcategories&post=210"},{"taxonomy":"post_tag","embeddable":true,"href":"https:\/\/wtztrzebinia.pl\/index.php?rest_route=%2Fwp%2Fv2%2Ftags&post=210"}],"curies":[{"name":"wp","href":"https:\/\/api.w.org\/{rel}","templated":true}]}}