{"id":208,"date":"2014-10-24T09:13:52","date_gmt":"2014-10-24T09:13:52","guid":{"rendered":"https:\/\/wtztrzebinia.pl\/?p=208"},"modified":"2014-10-24T09:13:52","modified_gmt":"2014-10-24T09:13:52","slug":"mityng-plywacki-osob-niepelnosprawnych-w-chrzanowie-22-10-14","status":"publish","type":"post","link":"https:\/\/wtztrzebinia.pl\/?p=208","title":{"rendered":"Mityng P\u0142ywacki Os\u00f3b Niepe\u0142nosprawnych w Chrzanowie  \u2013 22.10.14"},"content":{"rendered":"<p>Ca\u0142y rok przygotowywali\u015bmy si\u0119 do tego dnia\u2026i w ko\u0144cu nadszed\u0142! W dniu 22.10.14 wzi\u0119li\u015bmy udzia\u0142 w XIII Mityngu P\u0142ywackim Os\u00f3b Niepe\u0142nosprawnych im. Krzysztofa Brz\u0119czka w Chrzanowie.<\/p>\n<p><!--more--><\/p>\n<p>Jak co roku mo\u017cna by\u0142o wzi\u0105\u0107 udzia\u0142 w startach na <span>12,5m, 25 m, z desk\u0105, z przyborami oraz w sztafecie 2x25m. <\/span>Ka\u017cdy z uczestnik\u00f3w bior\u0105cych udzia\u0142 w zawodach m\u00f3g\u0142 wybra\u0107 najlepszy dla siebie dystans. Jak zwykle p\u0142ywali\u015bmy z ca\u0142ych swoich si\u0142. Zmagania sportowe zako\u0144czy\u0142y si\u0119 nast\u0119puj\u0105cymi sukcesami; w dru\u017cynie z WTZ &#8211; \u0141. Adamczyk \u2013 III miejsce, J. Bukowski \u2013 I miejsce, R. Korczy\u0144ski \u2013 IV miejsce, A. Majcherczyk \u2013 V miejsce, D. Podstolak \u2013 VI miejsce, A. Spyt \u2013 III miejsce, T. Tekielak \u2013 I miejsce, a reprezentanci \u015bwietlicy; J. Chwa\u0142a II miejsce a T. Chodacki VI miejsce.<\/p>\n","protected":false},"excerpt":{"rendered":"<p>Ca\u0142y rok przygotowywali\u015bmy si\u0119 do tego dnia\u2026i w ko\u0144cu nadszed\u0142! W dniu 22.10.14 wzi\u0119li\u015bmy udzia\u0142 w XIII Mityngu P\u0142ywackim Os\u00f3b Niepe\u0142nosprawnych im. Krzysztofa Brz\u0119czka w Chrzanowie.<\/p>\n","protected":false},"author":1,"featured_media":0,"comment_status":"open","ping_status":"open","sticky":false,"template":"","format":"standard","meta":{"footnotes":""},"categories":[7],"tags":[],"class_list":["post-208","post","type-post","status-publish","format-standard","hentry","category-aktualnosci"],"_links":{"self":[{"href":"https:\/\/wtztrzebinia.pl\/index.php?rest_route=\/wp\/v2\/posts\/208","targetHints":{"allow":["GET"]}}],"collection":[{"href":"https:\/\/wtztrzebinia.pl\/index.php?rest_route=\/wp\/v2\/posts"}],"about":[{"href":"https:\/\/wtztrzebinia.pl\/index.php?rest_route=\/wp\/v2\/types\/post"}],"author":[{"embeddable":true,"href":"https:\/\/wtztrzebinia.pl\/index.php?rest_route=\/wp\/v2\/users\/1"}],"replies":[{"embeddable":true,"href":"https:\/\/wtztrzebinia.pl\/index.php?rest_route=%2Fwp%2Fv2%2Fcomments&post=208"}],"version-history":[{"count":0,"href":"https:\/\/wtztrzebinia.pl\/index.php?rest_route=\/wp\/v2\/posts\/208\/revisions"}],"wp:attachment":[{"href":"https:\/\/wtztrzebinia.pl\/index.php?rest_route=%2Fwp%2Fv2%2Fmedia&parent=208"}],"wp:term":[{"taxonomy":"category","embeddable":true,"href":"https:\/\/wtztrzebinia.pl\/index.php?rest_route=%2Fwp%2Fv2%2Fcategories&post=208"},{"taxonomy":"post_tag","embeddable":true,"href":"https:\/\/wtztrzebinia.pl\/index.php?rest_route=%2Fwp%2Fv2%2Ftags&post=208"}],"curies":[{"name":"wp","href":"https:\/\/api.w.org\/{rel}","templated":true}]}}