{"id":205,"date":"2014-09-26T07:33:00","date_gmt":"2014-09-26T07:33:00","guid":{"rendered":"https:\/\/wtztrzebinia.pl\/?p=205"},"modified":"2014-09-26T07:33:00","modified_gmt":"2014-09-26T07:33:00","slug":"zapraszamy-chetnych","status":"publish","type":"post","link":"https:\/\/wtztrzebinia.pl\/?p=205","title":{"rendered":"Zapraszamy ch\u0119tnych!"},"content":{"rendered":"<p style=\"margin: 0cm -6.55pt 0.0001pt 0cm; text-align: center; line-height: normal;\" align=\"center\"><strong><span style=\"font-size: 14pt;\">Zapraszamy dzieci, m\u0142odzie\u017c i osoby doros\u0142e z r\u00f3\u017cnorak\u0105 niepe\u0142nosprawno\u015bci\u0105<\/span><\/strong><\/p>\n<p style=\"margin: 0cm -6.55pt 0.0001pt 0cm; text-align: center; line-height: normal;\" align=\"center\">&nbsp;<\/p>\n<p style=\"margin: 0cm -6.55pt 0.0001pt 0cm; text-align: center; line-height: normal;\" align=\"center\"><strong><span style=\"font-size: 14pt;\">do skorzystania z zaj\u0119\u0107 terapeutycznych i rehabilitacyjnych <\/span><\/strong><\/p>\n<p style=\"margin: 0cm -6.55pt 0.0001pt 0cm; text-align: center; line-height: normal;\" align=\"center\"><strong><span style=\"font-size: 14pt;\">prowadzonych w naszych plac\u00f3wkach<\/span><\/strong><\/p>\n<p style=\"margin: 0cm -6.55pt 0.0001pt 0cm; text-align: center; line-height: normal;\" align=\"center\"><strong><span style=\"font-size: 14pt;\">Bli\u017csze informacje na temat rekrutacji i warunk\u00f3w uczestnictwa poni\u017cej<\/span><\/strong><\/p>\n<p><!--more--><\/p>\n<p style=\"margin: 0cm -6.55pt 0.0001pt 0cm; text-align: center; line-height: normal;\" align=\"center\">&nbsp;<\/p>\n<p style=\"margin: 0cm -6.55pt 0.0001pt 0cm; text-align: center; line-height: 150%;\" align=\"center\">&nbsp;<\/p>\n<p style=\"margin: 0cm -6.55pt 0.0001pt 0cm; text-align: center; line-height: 150%;\" align=\"center\"><strong><span style=\"font-size: 16pt; line-height: 150%;\">\u015awietlica Terapeutyczna<\/span><\/strong><\/p>\n<p style=\"margin: 0cm 14.75pt 0.0001pt -1cm; line-height: normal;\"><strong><span style=\"font-size: 16pt;\">Kto mo\u017ce skorzysta\u0107 z naszej pomocy?<\/span><\/strong><\/p>\n<p style=\"margin: 0cm 14.75pt 0.0001pt -1cm; line-height: normal;\"><span style=\"font-size: 15pt;\">Dzieci i m\u0142odzie\u017c z r\u00f3\u017cnorak\u0105 niepe\u0142nosprawno\u015bci\u0105, w wieku do 18 (24) lat. <\/span><\/p>\n<p style=\"margin: 0cm 14.7pt 0.0001pt -1cm;\"><span style=\"font-size: 15pt; line-height: 115%;\">Posiadaj\u0105ce orzeczenie o niepe\u0142nosprawno\u015bci lub stopniu niepe\u0142nosprawno\u015bci. <\/span><\/p>\n<p style=\"margin: 0cm 14.7pt 0.0001pt -1cm;\"><strong><span style=\"font-size: 16pt; line-height: 115%;\">Wymagane dokumenty do przyj\u0119cia uczestnika:<\/span><\/strong><\/p>\n<ul>\n<li><span style=\"font-size: 15pt;\">orzeczenie o niepe\u0142nosprawno\u015bci (do 16 roku \u017cycia)<\/span><\/li>\n<li><span style=\"font-size: 15pt;\">orzeczenie o stopniu niepe\u0142nosprawno\u015bci (powy\u017cej 16 roku \u017cycia)<\/span><\/li>\n<li><span style=\"font-size: 15pt;\"> aktualna opinia psychologiczna lub pedagogiczna;<\/span><\/li>\n<\/ul>\n<p style=\"margin: 0cm -6.55pt 0.0001pt -1cm;\"><strong><span style=\"font-size: 16pt; line-height: 115%;\">\u015awietlica Terapeutyczna w Trzebini prowadzi zaj\u0119cia dla dzieci i m\u0142odzie\u017cy od poniedzia\u0142ku do pi\u0105tku w godzinach od 15.00 do 19.00<\/span><\/strong><\/p>\n<p style=\"margin: 0cm -6.55pt 0.0001pt -1cm;\">&nbsp;<\/p>\n<p><strong>&nbsp;<\/strong><\/p>\n<p><strong>&nbsp;<\/strong><\/p>\n<p style=\"margin: 0cm -6.55pt 0.0001pt 0cm; text-align: center; line-height: 150%;\" align=\"center\"><strong><span style=\"font-size: 16pt; line-height: 150%;\">Warsztaty Terapii Zaj\u0119ciowej<\/span><\/strong><\/p>\n<p style=\"margin: 0cm 14.75pt 0.0001pt -1cm; line-height: normal;\"><strong><span style=\"font-size: 16pt;\">Kto mo\u017ce skorzysta\u0107 z naszej pomocy?<\/span><\/strong><\/p>\n<p style=\"margin: 0cm 14.75pt 0.0001pt -1cm; line-height: normal;\"><span style=\"font-size: 15pt;\">M\u0142odzie\u017c i osoby doros\u0142e z niepe\u0142nosprawno\u015bci\u0105 intelektualn\u0105, powy\u017cej 18r.\u017c. <\/span><\/p>\n<p style=\"margin: 0cm 14.7pt 0.0001pt -1cm;\"><span style=\"font-size: 15pt; line-height: 115%;\">Posiadaj\u0105ce orzeczenie o stopniu niepe\u0142nosprawno\u015bci ze wskazaniem do uczestnictwa w terapii zaj\u0119ciowej. <\/span><\/p>\n<p style=\"margin: 0cm 14.7pt 0.0001pt -1cm;\"><strong><span style=\"font-size: 16pt; line-height: 115%;\">Wymagane dokumenty do przyj\u0119cia uczestnika:<\/span><\/strong><\/p>\n<ul>\n<li><span style=\"font-size: 15pt;\">orzeczenie o stopniu niepe\u0142nosprawno\u015bci <\/span><\/li>\n<li><span style=\"font-size: 15pt;\"> wskazanie do uczestnictwa w terapii zaj\u0119ciowej <\/span><\/li>\n<\/ul>\n<p style=\"margin: 0cm -6.55pt 0.0001pt -1cm;\"><strong><span style=\"font-size: 16pt; line-height: 115%;\">Warsztat Terapii Zaj\u0119ciowej w Trzebini prowadzi zaj\u0119cia terapeutyczne i rehabilitacyjne dla os\u00f3b doros\u0142ych z niepe\u0142nosprawno\u015bci\u0105 intelektualn\u0105, od poniedzia\u0142ku do pi\u0105tku w godzinach od 7.00 do 15.00<\/span><\/strong><\/p>\n<p style=\"margin: 0cm -6.55pt 0.0001pt -1cm;\">&nbsp;<\/p>\n<p style=\"margin: 0cm -6.55pt 0.0001pt -1cm;\"><strong><span style=\"font-size: 16pt; line-height: 115%;\">Adres do kontaktu;<\/span><\/strong><\/p>\n<p style=\"margin: 0cm -6.55pt 0.0001pt -1cm;\"><strong><span style=\"font-size: 16pt; line-height: 115%;\">\u015awietlica Terapeutyczna i Warsztat Terapii Zaj\u0119ciowej<\/span><\/strong><\/p>\n<p style=\"margin: 0cm -6.55pt 0.0001pt -1cm;\"><strong><span style=\"font-size: 16pt; line-height: 115%;\">ul. Luzara 1 32-540 Trzebinia, tel. 32&nbsp;612 13 75 lub 501&nbsp;899&nbsp;927<\/span><\/strong><\/p>\n<p style=\"margin: 0cm -6.55pt 0.0001pt -1cm;\"><strong><span style=\"font-size: 16pt; line-height: 115%;\">e-mail: <\/span><\/strong><strong><span style=\"font-size: 16pt; line-height: 115%;\"><a href=\"mailto:trzebiniawtz@poczta.fm\">trzebiniawtz@poczta.fm<\/a><\/span><\/strong><strong><span style=\"font-size: 16pt; line-height: 115%;\">, <\/span><\/strong><strong><span style=\"font-size: 16pt; line-height: 115%;\"><a href=\"http:\/\/www.wtztrzebinia.pl\">www.wtztrzebinia.pl<\/a><\/span><\/strong><\/p>\n","protected":false},"excerpt":{"rendered":"<p>Zapraszamy dzieci, m\u0142odzie\u017c i osoby doros\u0142e z r\u00f3\u017cnorak\u0105 niepe\u0142nosprawno\u015bci\u0105 &nbsp; do skorzystania z zaj\u0119\u0107 terapeutycznych i rehabilitacyjnych prowadzonych w naszych plac\u00f3wkach Bli\u017csze informacje na temat rekrutacji i warunk\u00f3w uczestnictwa poni\u017cej<\/p>\n","protected":false},"author":1,"featured_media":0,"comment_status":"open","ping_status":"open","sticky":false,"template":"","format":"standard","meta":{"footnotes":""},"categories":[7],"tags":[],"class_list":["post-205","post","type-post","status-publish","format-standard","hentry","category-aktualnosci"],"_links":{"self":[{"href":"https:\/\/wtztrzebinia.pl\/index.php?rest_route=\/wp\/v2\/posts\/205","targetHints":{"allow":["GET"]}}],"collection":[{"href":"https:\/\/wtztrzebinia.pl\/index.php?rest_route=\/wp\/v2\/posts"}],"about":[{"href":"https:\/\/wtztrzebinia.pl\/index.php?rest_route=\/wp\/v2\/types\/post"}],"author":[{"embeddable":true,"href":"https:\/\/wtztrzebinia.pl\/index.php?rest_route=\/wp\/v2\/users\/1"}],"replies":[{"embeddable":true,"href":"https:\/\/wtztrzebinia.pl\/index.php?rest_route=%2Fwp%2Fv2%2Fcomments&post=205"}],"version-history":[{"count":0,"href":"https:\/\/wtztrzebinia.pl\/index.php?rest_route=\/wp\/v2\/posts\/205\/revisions"}],"wp:attachment":[{"href":"https:\/\/wtztrzebinia.pl\/index.php?rest_route=%2Fwp%2Fv2%2Fmedia&parent=205"}],"wp:term":[{"taxonomy":"category","embeddable":true,"href":"https:\/\/wtztrzebinia.pl\/index.php?rest_route=%2Fwp%2Fv2%2Fcategories&post=205"},{"taxonomy":"post_tag","embeddable":true,"href":"https:\/\/wtztrzebinia.pl\/index.php?rest_route=%2Fwp%2Fv2%2Ftags&post=205"}],"curies":[{"name":"wp","href":"https:\/\/api.w.org\/{rel}","templated":true}]}}