{"id":200,"date":"2014-09-01T07:46:28","date_gmt":"2014-09-01T07:46:28","guid":{"rendered":"https:\/\/wtztrzebinia.pl\/?p=200"},"modified":"2014-09-01T07:46:28","modified_gmt":"2014-09-01T07:46:28","slug":"zakonczenie-roku-pracy-31-07-2014r","status":"publish","type":"post","link":"https:\/\/wtztrzebinia.pl\/?p=200","title":{"rendered":"Zako\u0144czenie roku pracy \u2013 31.07.2014r."},"content":{"rendered":"<p>Tradycyjnie ju\u017c na zako\u0144czenie roku pracy, przed miesi\u0119cznym urlopem, zorganizowane zosta\u0142y uroczyste po\u017cegnania uczestnik\u00f3w i pracownik\u00f3w \u015awietlicy Terapeutycznej i Warsztatu Terapii Zaj\u0119ciowej.<\/p>\n<p><!--more--><\/p>\n<p>I tak z tej okazji \u015awietlica Terapeutyczna zorganizowa\u0142a super grilla i ognisko z kie\u0142baskami , licznymi zabawami i wyst\u0119pami dzieciak\u00f3w, a uczestnicy Warsztatu, elegancko ubrani wyszli do pobliskiej restauracji \u201eStary M\u0142yn\u201d na ma\u0142e po\u017cegnalne co nieco\u2026 Kto chce zobaczy\u0107 jak to by\u0142o niech zajrzy do galerii.<\/p>\n","protected":false},"excerpt":{"rendered":"<p>Tradycyjnie ju\u017c na zako\u0144czenie roku pracy, przed miesi\u0119cznym urlopem, zorganizowane zosta\u0142y uroczyste po\u017cegnania uczestnik\u00f3w i pracownik\u00f3w \u015awietlicy Terapeutycznej i Warsztatu Terapii Zaj\u0119ciowej.<\/p>\n","protected":false},"author":1,"featured_media":0,"comment_status":"open","ping_status":"open","sticky":false,"template":"","format":"standard","meta":{"footnotes":""},"categories":[7],"tags":[],"class_list":["post-200","post","type-post","status-publish","format-standard","hentry","category-aktualnosci"],"_links":{"self":[{"href":"https:\/\/wtztrzebinia.pl\/index.php?rest_route=\/wp\/v2\/posts\/200","targetHints":{"allow":["GET"]}}],"collection":[{"href":"https:\/\/wtztrzebinia.pl\/index.php?rest_route=\/wp\/v2\/posts"}],"about":[{"href":"https:\/\/wtztrzebinia.pl\/index.php?rest_route=\/wp\/v2\/types\/post"}],"author":[{"embeddable":true,"href":"https:\/\/wtztrzebinia.pl\/index.php?rest_route=\/wp\/v2\/users\/1"}],"replies":[{"embeddable":true,"href":"https:\/\/wtztrzebinia.pl\/index.php?rest_route=%2Fwp%2Fv2%2Fcomments&post=200"}],"version-history":[{"count":0,"href":"https:\/\/wtztrzebinia.pl\/index.php?rest_route=\/wp\/v2\/posts\/200\/revisions"}],"wp:attachment":[{"href":"https:\/\/wtztrzebinia.pl\/index.php?rest_route=%2Fwp%2Fv2%2Fmedia&parent=200"}],"wp:term":[{"taxonomy":"category","embeddable":true,"href":"https:\/\/wtztrzebinia.pl\/index.php?rest_route=%2Fwp%2Fv2%2Fcategories&post=200"},{"taxonomy":"post_tag","embeddable":true,"href":"https:\/\/wtztrzebinia.pl\/index.php?rest_route=%2Fwp%2Fv2%2Ftags&post=200"}],"curies":[{"name":"wp","href":"https:\/\/api.w.org\/{rel}","templated":true}]}}