{"id":199,"date":"2014-09-01T07:45:49","date_gmt":"2014-09-01T07:45:49","guid":{"rendered":"https:\/\/wtztrzebinia.pl\/?p=199"},"modified":"2014-09-01T07:45:49","modified_gmt":"2014-09-01T07:45:49","slug":"wyjazd-do-holandii-24-07-29-07-2014r","status":"publish","type":"post","link":"https:\/\/wtztrzebinia.pl\/?p=199","title":{"rendered":"Wyjazd do Holandii \u2013 24.07-29.07.2014r."},"content":{"rendered":"<p>Na zaproszenie holenderskiej organizacji pozarz\u0105dowej \u201eStichting Kinderhulp Polen\u201d grupa uczestnik\u00f3w naszego warsztatu przebywa\u0142a w Holandii.<\/p>\n<p><!--more--><\/p>\n<p>Podczas pobytu mieli\u015bmy okazj\u0119 zaprezentowa\u0107 umiej\u0119tno\u015b\u0107 pieczenia wafli z syropem na sprz\u0119cie, kt\u00f3ry podarowali nam Holendrzy w zesz\u0142ym roku. Nasze wafle zrobi\u0142y furor\u0119, r\u0119ce mieli\u015bmy pe\u0142ne roboty. Po pracy by\u0142 tak\u017ce czas na odpoczynek. Gospodarze zafundowali nam tak\u017ce wizyt\u0119 w bajkowym parku rozrywki Efteling. Na zako\u0144czenie pobytu wzi\u0119li\u015bmy udzia\u0142 w uroczystych obchodach 25-lecia istnienia stowarzyszenia. Podczas tych uroczysto\u015bci odby\u0142y si\u0119 zakr\u0119cone zawody sportowe, w kt\u00f3rych rywalizowali\u015bmy z grup\u0105 polskich dzieci przebywaj\u0105cych , r\u00f3wnie\u017c na zaproszenie \u201eStichting Kinderhulp Polen\u201d, na wakacjach u rodzin holenderskich. Podczas spotkania odby\u0142 si\u0119 tak\u017ce kolejny pokaz pieczenia wafli oraz w czasie oficjalnej cz\u0119\u015bci wr\u0119czony przez nas zosta\u0142, na r\u0119ce przedstawicieli stowarzyszenia \u201eMedal wdzi\u0119czno\u015bci\u201d Fundacji im. Brata Alberta, jaki co roku podczas uroczystych Dni Patrona wr\u0119czamy naszym sponsorom i darczy\u0144com. Przez lata wsp\u00f3\u0142pracy Holendrzy zapracowali na niego po wielokro\u0107. Zdj\u0119cia z pobytu do obejrzenia w galerii.<\/p>\n","protected":false},"excerpt":{"rendered":"<p>Na zaproszenie holenderskiej organizacji pozarz\u0105dowej \u201eStichting Kinderhulp Polen\u201d grupa uczestnik\u00f3w naszego warsztatu przebywa\u0142a w Holandii.<\/p>\n","protected":false},"author":1,"featured_media":0,"comment_status":"open","ping_status":"open","sticky":false,"template":"","format":"standard","meta":{"footnotes":""},"categories":[7],"tags":[],"class_list":["post-199","post","type-post","status-publish","format-standard","hentry","category-aktualnosci"],"_links":{"self":[{"href":"https:\/\/wtztrzebinia.pl\/index.php?rest_route=\/wp\/v2\/posts\/199","targetHints":{"allow":["GET"]}}],"collection":[{"href":"https:\/\/wtztrzebinia.pl\/index.php?rest_route=\/wp\/v2\/posts"}],"about":[{"href":"https:\/\/wtztrzebinia.pl\/index.php?rest_route=\/wp\/v2\/types\/post"}],"author":[{"embeddable":true,"href":"https:\/\/wtztrzebinia.pl\/index.php?rest_route=\/wp\/v2\/users\/1"}],"replies":[{"embeddable":true,"href":"https:\/\/wtztrzebinia.pl\/index.php?rest_route=%2Fwp%2Fv2%2Fcomments&post=199"}],"version-history":[{"count":0,"href":"https:\/\/wtztrzebinia.pl\/index.php?rest_route=\/wp\/v2\/posts\/199\/revisions"}],"wp:attachment":[{"href":"https:\/\/wtztrzebinia.pl\/index.php?rest_route=%2Fwp%2Fv2%2Fmedia&parent=199"}],"wp:term":[{"taxonomy":"category","embeddable":true,"href":"https:\/\/wtztrzebinia.pl\/index.php?rest_route=%2Fwp%2Fv2%2Fcategories&post=199"},{"taxonomy":"post_tag","embeddable":true,"href":"https:\/\/wtztrzebinia.pl\/index.php?rest_route=%2Fwp%2Fv2%2Ftags&post=199"}],"curies":[{"name":"wp","href":"https:\/\/api.w.org\/{rel}","templated":true}]}}