{"id":196,"date":"2014-07-18T06:30:21","date_gmt":"2014-07-18T06:30:21","guid":{"rendered":"https:\/\/wtztrzebinia.pl\/?p=196"},"modified":"2014-07-18T06:30:21","modified_gmt":"2014-07-18T06:30:21","slug":"swietlica-w-dawnym-chrzanowie-17-07-2014r","status":"publish","type":"post","link":"https:\/\/wtztrzebinia.pl\/?p=196","title":{"rendered":"\u015awietlica w dawnym Chrzanowie \u2013 17.07.2014r."},"content":{"rendered":"<p>W ramach wakacyjnych zaj\u0119\u0107 \u015bwietlicowych, po obejrzeniu seansu filmowego w kinie Sztuka w Chrzanowie, cz\u0119\u015b\u0107 podopiecznych naszej \u015awietlicy wybra\u0142a si\u0119 na wycieczk\u0119 do przesz\u0142o\u015bci\u2026odwiedzili Muzeum im. Ireny i Mieczys\u0142awa Mazarakich.<\/p>\n<p><!--more--><\/p>\n<p>Podczas zajmuj\u0105cych opowie\u015bci pana kustosza wszyscy z zaciekawieniem ogl\u0105dali ekspozycje; <span>Pradzieje regionu chrzanowskiego, <\/span><span>W synagodze i domu \u017cydowskim, Ska\u0142y i minera\u0142y ziemi chrzanowskiej, Flora i fauna regionu Chrzanowskiego, <strong><span style=\"font-family: 'Calibri','sans-serif'; font-weight: normal;\">FABLOK \u2013 Pierwsza Fabryka Lokomotyw w Polsce. Kto by pomy\u015bla\u0142, \u017ce wycieczka w przesz\u0142o\u015b\u0107 mo\u017ce by\u0107 taka ciekawa? Zapraszamy do galerii na fotograficzn\u0105 wycieczk\u0119 z tej wizyty.<\/span><\/strong><\/span><\/p>\n","protected":false},"excerpt":{"rendered":"<p>W ramach wakacyjnych zaj\u0119\u0107 \u015bwietlicowych, po obejrzeniu seansu filmowego w kinie Sztuka w Chrzanowie, cz\u0119\u015b\u0107 podopiecznych naszej \u015awietlicy wybra\u0142a si\u0119 na wycieczk\u0119 do przesz\u0142o\u015bci\u2026odwiedzili Muzeum im. Ireny i Mieczys\u0142awa Mazarakich.<\/p>\n","protected":false},"author":1,"featured_media":0,"comment_status":"open","ping_status":"open","sticky":false,"template":"","format":"standard","meta":{"footnotes":""},"categories":[7],"tags":[],"class_list":["post-196","post","type-post","status-publish","format-standard","hentry","category-aktualnosci"],"_links":{"self":[{"href":"https:\/\/wtztrzebinia.pl\/index.php?rest_route=\/wp\/v2\/posts\/196","targetHints":{"allow":["GET"]}}],"collection":[{"href":"https:\/\/wtztrzebinia.pl\/index.php?rest_route=\/wp\/v2\/posts"}],"about":[{"href":"https:\/\/wtztrzebinia.pl\/index.php?rest_route=\/wp\/v2\/types\/post"}],"author":[{"embeddable":true,"href":"https:\/\/wtztrzebinia.pl\/index.php?rest_route=\/wp\/v2\/users\/1"}],"replies":[{"embeddable":true,"href":"https:\/\/wtztrzebinia.pl\/index.php?rest_route=%2Fwp%2Fv2%2Fcomments&post=196"}],"version-history":[{"count":0,"href":"https:\/\/wtztrzebinia.pl\/index.php?rest_route=\/wp\/v2\/posts\/196\/revisions"}],"wp:attachment":[{"href":"https:\/\/wtztrzebinia.pl\/index.php?rest_route=%2Fwp%2Fv2%2Fmedia&parent=196"}],"wp:term":[{"taxonomy":"category","embeddable":true,"href":"https:\/\/wtztrzebinia.pl\/index.php?rest_route=%2Fwp%2Fv2%2Fcategories&post=196"},{"taxonomy":"post_tag","embeddable":true,"href":"https:\/\/wtztrzebinia.pl\/index.php?rest_route=%2Fwp%2Fv2%2Ftags&post=196"}],"curies":[{"name":"wp","href":"https:\/\/api.w.org\/{rel}","templated":true}]}}