{"id":193,"date":"2014-06-30T07:56:00","date_gmt":"2014-06-30T07:56:00","guid":{"rendered":"https:\/\/wtztrzebinia.pl\/?p=193"},"modified":"2014-06-30T07:56:00","modified_gmt":"2014-06-30T07:56:00","slug":"akademia-zycia-2014-ukonczona","status":"publish","type":"post","link":"https:\/\/wtztrzebinia.pl\/?p=193","title":{"rendered":"Akademia \u017bycia 2014 uko\u0144czona!"},"content":{"rendered":"<p style=\"margin: 0cm 0cm 0.0001pt;\"><span style=\"font-size: 11pt; font-family: 'Calibri','sans-serif';\">W okresie od 01.04.14 do 27.06.14 wszyscy uczestnicy naszych Warsztat\u00f3w brali udzia\u0142 w cyklu zaj\u0119\u0107 dodatkowych w ramach zadania publicznego \u201eAkademia \u017cycia 2014\u201d \u2013 dofinansowanego przez Urz\u0105d Miasta w Trzebini w ramach \u201eMa\u0142ej Dotacji\u201d.<\/span><\/p>\n<p><!--more--><\/p>\n<p style=\"margin: 0cm 0cm 0.0001pt;\"><span style=\"font-size: 11pt; font-family: 'Calibri','sans-serif';\"><\/span><\/p>\n<p style=\"margin-bottom: 0.0001pt; line-height: normal;\">Podczas realizacji tego zadania uczestnicy mogli pozna\u0107 okolice Trzebini, kt\u00f3re zwiedzali pieszo, na rowerze, komunikacj\u0105 miejsk\u0105 i busem. Opr\u00f3cz tego poddawali si\u0119 relaksacyjnej aromaterapii, gimnastyce Chi Kung, i licznym zabiegom piel\u0119gnacyjnym. W ramach Akademii organizowano tak\u017ce zaj\u0119cia zakresu <span style=\"color: black;\">kszta\u0142towania i rozwoju poprawnych form komunikowania si\u0119, <\/span><span>zaj\u0119cia z zakresu dba\u0142o\u015bci o higien\u0119 osobist\u0105, estetyczny wygl\u0105d i zdrowie, zaj\u0119cia z zakresu treningu funkcjonowania spo\u0142ecznego; min. usamodzielnianie w zakresie korzystania ze \u015brodk\u00f3w komunikacji miejskiej i podmiejskiej, korzystanie z miejsc u\u017cyteczno\u015bci publicznej oraz ca\u0142\u0105 mas\u0119 innych atrakcji. <\/span><\/p>\n<p style=\"margin: 0cm 0cm 0.0001pt;\"><span style=\"font-size: 11pt; font-family: 'Calibri','sans-serif';\">Zako\u0144czenie projektu odby\u0142o si\u0119 27.06.14r. i mia\u0142o, jak to zwykle bywa, uroczysty i bardzo sympatyczny charakter. Ka\u017cdy z absolwent\u00f3w tegorocznej edycji \u201eAkademii \u017cycia\u201d otrzyma\u0142 pami\u0105tkowy dyplom. Na zako\u0144czenie odby\u0142a si\u0119 te\u017c sesja fotograficzna, kt\u00f3rej efekty mo\u017cna obejrze\u0107 w naszej galerii.<\/span><\/p>\n","protected":false},"excerpt":{"rendered":"<p>W okresie od 01.04.14 do 27.06.14 wszyscy uczestnicy naszych Warsztat\u00f3w brali udzia\u0142 w cyklu zaj\u0119\u0107 dodatkowych w ramach zadania publicznego \u201eAkademia \u017cycia 2014\u201d \u2013 dofinansowanego przez Urz\u0105d Miasta w Trzebini w ramach \u201eMa\u0142ej Dotacji\u201d.<\/p>\n","protected":false},"author":1,"featured_media":0,"comment_status":"open","ping_status":"open","sticky":false,"template":"","format":"standard","meta":{"footnotes":""},"categories":[7],"tags":[],"class_list":["post-193","post","type-post","status-publish","format-standard","hentry","category-aktualnosci"],"_links":{"self":[{"href":"https:\/\/wtztrzebinia.pl\/index.php?rest_route=\/wp\/v2\/posts\/193","targetHints":{"allow":["GET"]}}],"collection":[{"href":"https:\/\/wtztrzebinia.pl\/index.php?rest_route=\/wp\/v2\/posts"}],"about":[{"href":"https:\/\/wtztrzebinia.pl\/index.php?rest_route=\/wp\/v2\/types\/post"}],"author":[{"embeddable":true,"href":"https:\/\/wtztrzebinia.pl\/index.php?rest_route=\/wp\/v2\/users\/1"}],"replies":[{"embeddable":true,"href":"https:\/\/wtztrzebinia.pl\/index.php?rest_route=%2Fwp%2Fv2%2Fcomments&post=193"}],"version-history":[{"count":0,"href":"https:\/\/wtztrzebinia.pl\/index.php?rest_route=\/wp\/v2\/posts\/193\/revisions"}],"wp:attachment":[{"href":"https:\/\/wtztrzebinia.pl\/index.php?rest_route=%2Fwp%2Fv2%2Fmedia&parent=193"}],"wp:term":[{"taxonomy":"category","embeddable":true,"href":"https:\/\/wtztrzebinia.pl\/index.php?rest_route=%2Fwp%2Fv2%2Fcategories&post=193"},{"taxonomy":"post_tag","embeddable":true,"href":"https:\/\/wtztrzebinia.pl\/index.php?rest_route=%2Fwp%2Fv2%2Ftags&post=193"}],"curies":[{"name":"wp","href":"https:\/\/api.w.org\/{rel}","templated":true}]}}