{"id":192,"date":"2014-06-25T13:31:09","date_gmt":"2014-06-25T13:31:09","guid":{"rendered":"https:\/\/wtztrzebinia.pl\/?p=192"},"modified":"2014-06-25T13:31:09","modified_gmt":"2014-06-25T13:31:09","slug":"jubileuszowy-dzien-patrona-25-06-2014r","status":"publish","type":"post","link":"https:\/\/wtztrzebinia.pl\/?p=192","title":{"rendered":"Jubileuszowy Dzie\u0144 Patrona  &#8211; 25.06.2014r."},"content":{"rendered":"<p style=\"line-height: normal;\">W dniu 25.06.2014r. odby\u0142 si\u0119 w naszych trzebi\u0144skich jednostkach Fundacji doroczny Dzie\u0144 Patrona Fundacji &#8211; \u015aw. Brata Alberta. \u015awi\u0119to by\u0142o podw\u00f3jne poniewa\u017c obchodzili\u015bmy tak\u017ce w tym dniu jubileusz XV-lecia istnienia Warsztatu Terapii Zaj\u0119ciowej.<\/p>\n<p><!--more--><\/p>\n<p style=\"line-height: normal;\">Ten wyj\u0105tkowy dzie\u0144 rozpocz\u0119\u0142a uroczysta msza \u015bwi\u0119ta w Ko\u015bciele pw. \u015aw. Aposto\u0142\u00f3w Piotra i Paw\u0142a w Trzebini. Msza rozpocz\u0119\u0142a si\u0119 od powitania zgromadzonych i z\u0142o\u017cenia \u017cycze\u0144 jubileuszowych przez ks. Proboszcza Stanis\u0142awa Bercala. Msz\u0119 \u015bw. poprowadzi\u0142 i kazanie wyg\u0142osi\u0142 ks. Tadeusz Isakowicz \u2013Zaleski \u2013 Prezes Fundacji im. Brata Alberta.Po mszy \u015bwi\u0119towanie przenios\u0142o si\u0119 z Ko\u015bcio\u0142a na scen\u0119 polow\u0105 przed budynek Warsztatu. T\u0119 drug\u0105 cz\u0119\u015b\u0107 uroczysto\u015bci rozpocz\u0105\u0142 koncert zespo\u0142u muzycznego \u201eAlbert Band\u201d. W wykonaniu naszych Fundacyjnych muzyk\u00f3w us\u0142yszeli\u015bmy; \u201eLaudate\u201d, \u201eOld Mc Donald\u201d, \u201eSummertime\u201d i \u201eMenuet\u201d. Kolejnym punktem uroczysto\u015bci jubileuszowych, w zwi\u0105zku z tradycj\u0105 obchod\u00f3w Dnia Patrona Fundacji, by\u0142o wr\u0119czenie \u201eMedali Wdzi\u0119czno\u015bci\u201d. Medale te przyznawane s\u0105 corocznie przez Zarz\u0105d Krajowy Fundacji im. Brata Alberta. Z okazji tego jubileuszowego spotkania Medale wr\u0119czono za wsp\u00f3\u0142prac\u0119 i wra\u017cliwo\u015b\u0107 na potrzeby os\u00f3b niepe\u0142nosprawnych nast\u0119puj\u0105cym osobom i instytucjom;<\/p>\n<p style=\"margin: 0cm 0cm 0.0001pt 36pt; text-indent: -18pt; line-height: normal;\"><span style=\"font-family: Symbol;\"><span>&#8211;<span style=\"font: 7pt 'Times New Roman';\">&nbsp;&nbsp;&nbsp;&nbsp;&nbsp;&nbsp;&nbsp; <\/span><\/span><\/span>Rada Powiatu Chrzanowskiego<\/p>\n<p style=\"margin: 0cm 0cm 0.0001pt 36pt; text-indent: -18pt; line-height: normal;\"><span style=\"font-family: Symbol;\"><span>&#8211;<span style=\"font: 7pt 'Times New Roman';\">&nbsp;&nbsp;&nbsp;&nbsp;&nbsp;&nbsp;&nbsp; <\/span><\/span><\/span>Zarz\u0105d Powiatu Chrzanowskiego<\/p>\n<p style=\"margin: 0cm 0cm 0.0001pt 36pt; text-indent: -18pt; line-height: normal;\"><span style=\"font-family: Symbol;\"><span>&#8211;<span style=\"font: 7pt 'Times New Roman';\">&nbsp;&nbsp;&nbsp;&nbsp;&nbsp;&nbsp;&nbsp; <\/span><\/span><\/span>Rada Miasta Trzebinia<\/p>\n<p style=\"margin: 0cm 0cm 0.0001pt 36pt; text-indent: -18pt; line-height: normal;\"><span style=\"font-family: Symbol;\"><span>&#8211;<span style=\"font: 7pt 'Times New Roman';\">&nbsp;&nbsp;&nbsp;&nbsp;&nbsp;&nbsp;&nbsp; <\/span><\/span><\/span>Urz\u0105d Miasta Trzebinia<\/p>\n<p style=\"margin: 0cm 0cm 0.0001pt 36pt; text-indent: -18pt; line-height: normal;\"><span style=\"font-family: Symbol;\"><span>&#8211;<span style=\"font: 7pt 'Times New Roman';\">&nbsp;&nbsp;&nbsp;&nbsp;&nbsp;&nbsp;&nbsp; <\/span><\/span><\/span>Powiatowe Centrum Pomocy Rodzinie w Chrzanowie<\/p>\n<p style=\"margin: 0cm 0cm 0.0001pt 36pt; text-indent: -18pt; line-height: normal;\"><span style=\"font-family: Symbol;\"><span>&#8211;<span style=\"font: 7pt 'Times New Roman';\">&nbsp;&nbsp;&nbsp;&nbsp;&nbsp;&nbsp;&nbsp; <\/span><\/span><\/span>Zak\u0142ad Karny w Trzebini<\/p>\n<p style=\"margin: 0cm 0cm 0.0001pt 36pt; text-indent: -18pt; line-height: normal;\"><span style=\"font-family: Symbol; color: black;\"><span>&#8211;<span style=\"font: 7pt 'Times New Roman';\">&nbsp;&nbsp;&nbsp;&nbsp;&nbsp;&nbsp;&nbsp; <\/span><\/span><\/span>Komenda Hufca ZHP w Trzebini<\/p>\n<p style=\"margin: 0cm 0cm 0.0001pt 36pt; text-indent: -18pt; line-height: normal;\"><span style=\"font-family: Symbol;\"><span>&#8211;<span style=\"font: 7pt 'Times New Roman';\">&nbsp;&nbsp;&nbsp;&nbsp;&nbsp;&nbsp;&nbsp; <\/span><\/span><\/span><strong><span style=\"font-family: 'Calibri','sans-serif'; color: black; font-weight: normal;\">Parafia \u015awi\u0119tych Aposto\u0142\u00f3w Piotra i Paw\u0142a w Trzebini<\/span><\/strong><\/p>\n<p style=\"margin: 0cm 0cm 0.0001pt 36pt; text-indent: -18pt; line-height: normal;\"><span style=\"font-family: Symbol;\"><span>&#8211;<span style=\"font: 7pt 'Times New Roman';\">&nbsp;&nbsp;&nbsp;&nbsp;&nbsp;&nbsp;&nbsp; <\/span><\/span><\/span><span style=\"color: black;\">Duszpasterska <\/span>Rada Parafialna <strong><span style=\"font-family: 'Calibri','sans-serif'; color: black; font-weight: normal;\">Parafii \u015awi\u0119tych Aposto\u0142\u00f3w Piotra i Paw\u0142a<\/span><\/strong><\/p>\n<p style=\"margin: 0cm 0cm 0.0001pt 36pt; text-indent: -18pt; line-height: normal;\"><span style=\"font-family: Symbol;\"><span>&#8211;<span style=\"font: 7pt 'Times New Roman';\">&nbsp;&nbsp;&nbsp;&nbsp;&nbsp;&nbsp;&nbsp; <\/span><\/span><\/span>Pani Krystyna Karnas<\/p>\n<p style=\"line-height: normal;\">W zwi\u0105zku z Jubileuszem WTZ wr\u0119czono tak\u017ce pami\u0105tkowe tabliczki ceramiczne, z podzi\u0119kowaniem za dotychczasow\u0105 wsp\u00f3\u0142prac\u0119 i wspieranie naszej dzia\u0142alno\u015bci nast\u0119puj\u0105cym osobom i instytucjom;<\/p>\n<p style=\"margin: 0cm 0cm 0.0001pt 32.2pt; text-indent: -18pt; line-height: normal;\"><span style=\"font-family: Symbol;\"><span>&#8211;<span style=\"font: 7pt 'Times New Roman';\">&nbsp;&nbsp;&nbsp;&nbsp;&nbsp;&nbsp;&nbsp; <\/span><\/span><\/span><span>Ksi\u0105dz Tadeusz Isakowicz-Zaleski \u2013 Prezes Zarz\u0105du Fundacji im. Brata Alberta<\/span><\/p>\n<p style=\"margin: 0cm 0cm 0.0001pt 32.2pt; text-indent: -18pt; line-height: normal;\"><span style=\"font-family: Symbol;\"><span>&#8211;<span style=\"font: 7pt 'Times New Roman';\">&nbsp;&nbsp;&nbsp;&nbsp;&nbsp;&nbsp;&nbsp; <\/span><\/span><\/span><span>Ksi\u0105dz Dziekan Stanis\u0142aw Krzysik <\/span><\/p>\n<p style=\"margin: 0cm 0cm 0.0001pt 32.2pt; text-indent: -18pt; line-height: normal;\"><span style=\"font-family: Symbol;\"><span>&#8211;<span style=\"font: 7pt 'Times New Roman';\">&nbsp;&nbsp;&nbsp;&nbsp;&nbsp;&nbsp;&nbsp; <\/span><\/span><\/span><span>Trzebi\u0144skie Centrum Kultury na r\u0119ce Pana Dyrektora Janusza Szcz\u0119\u015bniaka<\/span><\/p>\n<p style=\"margin: 0cm 0cm 0.0001pt 32.2pt; text-indent: -18pt; line-height: normal;\"><span style=\"font-family: Symbol;\"><span>&#8211;<span style=\"font: 7pt 'Times New Roman';\">&nbsp;&nbsp;&nbsp;&nbsp;&nbsp;&nbsp;&nbsp; <\/span><\/span><\/span><span>Pawe\u0142 Rejdych &#8211; Pe\u0142nomocnik Burmistrza Trzebini ds. organizacji pozarz\u0105dowych <\/span><\/p>\n<p style=\"margin: 0cm 0cm 0.0001pt 32.2pt; text-indent: -18pt; line-height: normal;\"><span style=\"font-family: Symbol;\"><span>&#8211;<span style=\"font: 7pt 'Times New Roman';\">&nbsp;&nbsp;&nbsp;&nbsp;&nbsp;&nbsp;&nbsp; <\/span><\/span><\/span><span>O\u015brodek Pomocy Spo\u0142ecznej w Trzebini na r\u0119ce Pana Dyrektora Jerzego Marcinka <\/span><\/p>\n<p style=\"margin: 0cm 0cm 0.0001pt 32.2pt; text-indent: -18pt; line-height: normal;\"><span style=\"font-family: Symbol;\"><span>&#8211;<span style=\"font: 7pt 'Times New Roman';\">&nbsp;&nbsp;&nbsp;&nbsp;&nbsp;&nbsp;&nbsp; <\/span><\/span><\/span><span>Szko\u0142a Podstawowa im. Jana Paw\u0142a II nr 8 w Trzebini na r\u0119ce Pani Dyrektor Ilony Ptak <\/span><\/p>\n<p style=\"margin: 0cm 0cm 0.0001pt 32.2pt; text-indent: -18pt; line-height: normal;\"><span style=\"font-family: Symbol;\"><span>&#8211;<span style=\"font: 7pt 'Times New Roman';\">&nbsp;&nbsp;&nbsp;&nbsp;&nbsp;&nbsp;&nbsp; <\/span><\/span><\/span><span>Gimnazjum im. Trzech Wieszcz\u00f3w nr 2 w Trzebini Siersza na r\u0119ce Pani Dyrektor Krystyny \u017bak <\/span><\/p>\n<p style=\"margin: 0cm 0cm 0.0001pt 32.2pt; text-indent: -18pt; line-height: normal;\"><span style=\"font-family: Symbol;\"><span>&#8211;<span style=\"font: 7pt 'Times New Roman';\">&nbsp;&nbsp;&nbsp;&nbsp;&nbsp;&nbsp;&nbsp; <\/span><\/span><\/span><span>Zesp\u00f3\u0142 Szk\u00f3\u0142 Techniczno &#8211; Us\u0142ugowych w Trzebini na r\u0119ce Pana Dyrektora Marka \u0141azickiego <\/span><\/p>\n<p style=\"margin: 0cm 0cm 0.0001pt 32.2pt; text-indent: -18pt; line-height: normal;\"><span style=\"font-family: Symbol;\"><span>&#8211;<span style=\"font: 7pt 'Times New Roman';\">&nbsp;&nbsp;&nbsp;&nbsp;&nbsp;&nbsp;&nbsp; <\/span><\/span><\/span><span>Referat spraw spo\u0142ecznych i obywatelskich Starostwo Powiatowe w Chrzanowie na r\u0119ce Pani Dominiki G\u0105dek <\/span><\/p>\n<p style=\"margin: 0cm 0cm 0.0001pt 32.2pt; text-indent: -18pt; line-height: normal;\"><span style=\"font-family: Symbol;\"><span>&#8211;<span style=\"font: 7pt 'Times New Roman';\">&nbsp;&nbsp;&nbsp;&nbsp;&nbsp;&nbsp;&nbsp; <\/span><\/span><\/span><span>Dorota Ignacyk \u2013 G\u0142\u00f3wny specjalista ds. rehabilitacji spo\u0142ecznej w Powiatowym Centrum Pomocy Rodzinie w Chrzanowie<\/span><\/p>\n<p style=\"margin: 0cm 0cm 0.0001pt 32.2pt; text-indent: -18pt; line-height: normal;\"><span style=\"font-family: Symbol;\"><span>&#8211;<span style=\"font: 7pt 'Times New Roman';\">&nbsp;&nbsp;&nbsp;&nbsp;&nbsp;&nbsp;&nbsp; <\/span><\/span><\/span><span>Wydzia\u0142 Zdrowia i Wsp\u00f3\u0142pracy z Organizacjami Pozarz\u0105dowymi UM w Trzebini<\/span><span> na r\u0119ce Pani Naczelnik El\u017cbiety Nowakowskiej <\/span><\/p>\n<p style=\"margin: 0cm 0cm 0.0001pt 32.2pt; text-indent: -18pt; line-height: normal;\"><span style=\"font-family: Symbol;\"><span>&#8211;<span style=\"font: 7pt 'Times New Roman';\">&nbsp;&nbsp;&nbsp;&nbsp;&nbsp;&nbsp;&nbsp; <\/span><\/span><\/span><span>Wydzia\u0142 Sportu, Turystyki i Spraw Spo\u0142ecznych<\/span><span> UM w Trzebini na r\u0119ce Pani Naczelnik Marioli Rejdych<\/span><\/p>\n<p style=\"margin: 0cm 0cm 0.0001pt 32.2pt; text-indent: -18pt; line-height: normal;\"><span style=\"font-family: Symbol;\"><span>&#8211;<span style=\"font: 7pt 'Times New Roman';\">&nbsp;&nbsp;&nbsp;&nbsp;&nbsp;&nbsp;&nbsp; <\/span><\/span><\/span><span>Wydzia\u0142 Inicjatyw Gospodarczych i Promocji UM w Trzebini na r\u0119ce Pani Naczelnik Beaty Przeworowskiej <\/span><\/p>\n<p style=\"margin: 0cm 0cm 0.0001pt 32.2pt; text-indent: -18pt; line-height: normal;\"><span style=\"font-family: Symbol;\"><span>&#8211;<span style=\"font: 7pt 'Times New Roman';\">&nbsp;&nbsp;&nbsp;&nbsp;&nbsp;&nbsp;&nbsp; <\/span><\/span><\/span><span>\u201eDw\u00f3r Zieleniewskich\u201d w Trzebini na r\u0119ce Miros\u0142awa Witonia <\/span><\/p>\n<p style=\"margin: 0cm 0cm 0.0001pt 32.2pt; text-indent: -18pt; line-height: normal;\"><span style=\"font-family: Symbol;\"><span>&#8211;<span style=\"font: 7pt 'Times New Roman';\">&nbsp;&nbsp;&nbsp;&nbsp;&nbsp;&nbsp;&nbsp; <\/span><\/span><\/span><span>Referat Wsp\u00f3\u0142pracy z Organizacjami Pozarz\u0105dowymi<\/span><span>UM w Trzebini na r\u0119ce Pani Ma\u0142gorzaty Biegun <\/span><\/p>\n<p style=\"margin: 0cm 0cm 0.0001pt 32.2pt; text-indent: -18pt; line-height: normal;\"><span style=\"font-family: Symbol;\"><span>&#8211;<span style=\"font: 7pt 'Times New Roman';\">&nbsp;&nbsp;&nbsp;&nbsp;&nbsp;&nbsp;&nbsp; <\/span><\/span><\/span><span>Rodzina Ksi\u0119dza Pra\u0142ata Stanis\u0142awa Ga\u0142uszki \u2013 Patrona WTZ na r\u0119ce Jana Ga\u0142uszki <\/span><\/p>\n<p style=\"margin: 0cm 0cm 0.0001pt 32.2pt; text-indent: -18pt; line-height: normal;\"><span style=\"font-family: Symbol;\"><span>&#8211;<span style=\"font: 7pt 'Times New Roman';\">&nbsp;&nbsp;&nbsp;&nbsp;&nbsp;&nbsp;&nbsp; <\/span><\/span><\/span><span>Zak\u0142adowej Jednostki Stra\u017cy Po\u017carnej w Rafinerii Trzebinia na r\u0119ce Pana Wies\u0142awa Ciu\u0142y &#8211; zast\u0119pcy Komendanta<\/span><\/p>\n<p style=\"margin: 0cm 0cm 0.0001pt 32.2pt; text-indent: -18pt; line-height: normal;\"><span style=\"font-family: Symbol;\"><span>&#8211;<span style=\"font: 7pt 'Times New Roman';\">&nbsp;&nbsp;&nbsp;&nbsp;&nbsp;&nbsp;&nbsp; <\/span><\/span><\/span><span>Przychodnia \u201eMedicus\u201d z Trzebini na r\u0119ce Pani Hanny Bromboszcz- \u015alusarczyk <\/span><\/p>\n<p style=\"margin-bottom: 0.0001pt; line-height: normal;\"><span>Opr\u00f3cz Medali i pami\u0105tkowych tabliczek wszyscy uhonorowani go\u015bcie otrzymali holenderskie wafle z karmelem \u2013 pieczone w WTZ oraz kwiaty z forniru r\u00f3wnie\u017c wykonane w pracowniach warsztatowych. <\/span><\/p>\n<p style=\"line-height: normal;\">Na tym cz\u0119\u015b\u0107 oficjalna uroczysto\u015bci zosta\u0142a zako\u0144czona a scen\u0119 polow\u0105 oddano we w\u0142adanie naszych warsztatowych i \u015bwietliczanach artyst\u00f3w. Wyst\u0105pili kolejno; Zesp\u00f3\u0142 Talarki ze \u015awietlicy Terapeutycznej, Rafa\u0142 Korczy\u0144ski, Maciej Piaszczy\u0144ski oraz zesp\u00f3\u0142 z ZSTU w Trzebini. Rozpocz\u0105\u0142 si\u0119 tak\u017ce wsp\u00f3lny piknik, pocz\u0119stunek, rozmowy, wspomnienia i wsp\u00f3lna zabawa. Podopieczni mogli nauczy\u0107 si\u0119 wyplatania zwierz\u0105t z balon\u00f3w oraz dmuchania ma\u0142ych, wielkich i gigantycznych baniek mydlanych. Mimo chmurz\u0105cego si\u0119 nieba pogoda dopisa\u0142a i s\u0142o\u0144ce \u015bwieci\u0142o do samego ko\u0144ca spotkania.<\/p>\n<p style=\"line-height: normal;\">W organizacji tego nie lada przedsi\u0119wzi\u0119cia pomagali nam; podopieczni i pracownicy Warsztatu i \u015awietlicy, rodzice i opiekunowie, darczy\u0144cy i sponsorzy oraz liczni wolontariusze z Zespo\u0142u Szk\u00f3\u0142 Techniczno-Us\u0142ugowych w Trzebini oraz z Zak\u0142adu Karnego w Trzebini. Wszystkim gor\u0105co dzi\u0119kujemy!<\/p>\n","protected":false},"excerpt":{"rendered":"<p>W dniu 25.06.2014r. odby\u0142 si\u0119 w naszych trzebi\u0144skich jednostkach Fundacji doroczny Dzie\u0144 Patrona Fundacji &#8211; \u015aw. Brata Alberta. \u015awi\u0119to by\u0142o podw\u00f3jne poniewa\u017c obchodzili\u015bmy tak\u017ce w tym dniu jubileusz XV-lecia istnienia Warsztatu Terapii Zaj\u0119ciowej.<\/p>\n","protected":false},"author":1,"featured_media":0,"comment_status":"open","ping_status":"open","sticky":false,"template":"","format":"standard","meta":{"footnotes":""},"categories":[7],"tags":[],"class_list":["post-192","post","type-post","status-publish","format-standard","hentry","category-aktualnosci"],"_links":{"self":[{"href":"https:\/\/wtztrzebinia.pl\/index.php?rest_route=\/wp\/v2\/posts\/192","targetHints":{"allow":["GET"]}}],"collection":[{"href":"https:\/\/wtztrzebinia.pl\/index.php?rest_route=\/wp\/v2\/posts"}],"about":[{"href":"https:\/\/wtztrzebinia.pl\/index.php?rest_route=\/wp\/v2\/types\/post"}],"author":[{"embeddable":true,"href":"https:\/\/wtztrzebinia.pl\/index.php?rest_route=\/wp\/v2\/users\/1"}],"replies":[{"embeddable":true,"href":"https:\/\/wtztrzebinia.pl\/index.php?rest_route=%2Fwp%2Fv2%2Fcomments&post=192"}],"version-history":[{"count":0,"href":"https:\/\/wtztrzebinia.pl\/index.php?rest_route=\/wp\/v2\/posts\/192\/revisions"}],"wp:attachment":[{"href":"https:\/\/wtztrzebinia.pl\/index.php?rest_route=%2Fwp%2Fv2%2Fmedia&parent=192"}],"wp:term":[{"taxonomy":"category","embeddable":true,"href":"https:\/\/wtztrzebinia.pl\/index.php?rest_route=%2Fwp%2Fv2%2Fcategories&post=192"},{"taxonomy":"post_tag","embeddable":true,"href":"https:\/\/wtztrzebinia.pl\/index.php?rest_route=%2Fwp%2Fv2%2Ftags&post=192"}],"curies":[{"name":"wp","href":"https:\/\/api.w.org\/{rel}","templated":true}]}}