{"id":186,"date":"2014-06-13T06:25:44","date_gmt":"2014-06-13T06:25:44","guid":{"rendered":"https:\/\/wtztrzebinia.pl\/?p=186"},"modified":"2014-06-13T06:25:44","modified_gmt":"2014-06-13T06:25:44","slug":"arlekiny-2014-oswiecim-12-06-2014","status":"publish","type":"post","link":"https:\/\/wtztrzebinia.pl\/?p=186","title":{"rendered":"Arlekiny  2014 \u2013 O\u015bwi\u0119cim \u2013 12.06.2014"},"content":{"rendered":"<p style=\"text-align: justify;\"><span style=\"font-size: 11pt; font-family: 'Calibri','sans-serif';\">W czwartek 12 czerwca br. wzi\u0119li\u015bmy udzia\u0142 ju\u017c po raz sz\u00f3sty w Przegl\u0105dzie Artystycznym Os\u00f3b Niepe\u0142nosprawnych \u201eArlekiny 2014\u201d.<\/span><span style=\"font-size: 11pt; font-family: 'Calibri','sans-serif';\">&nbsp; Przegl\u0105d odbywa\u0142 si\u0119 na <\/span><span style=\"font-size: 11pt; font-family: 'Calibri','sans-serif';\"> scenie O\u015bwi\u0119cimskiego Centrum Kultury.<\/span><span style=\"font-size: 11pt; font-family: 'Calibri','sans-serif';\"><\/span><\/p>\n<p><!--more--><\/p>\n<p style=\"text-align: justify;\"><span style=\"font-size: 11pt; font-family: 'Calibri','sans-serif';\">Warsztaty reprezentowa\u0142 Rafa\u0142 Korczy\u0144ski z piosenk\u0105 zespo\u0142u Perfect \u201eAle wko\u0142o jest weso\u0142o\u201d, a \u015awietlica z zespo\u0142em \u201eTalarki\u201d zaprezentowa\u0142a przedstawienie pt. \u201eMa\u0142y recital\u201d. Opr\u00f3cz nas <\/span><span style=\"font-size: 11pt; font-family: 'Calibri','sans-serif';\">wyst\u0105pi\u0142o 8 zespo\u0142\u00f3w teatralnych i 10 solist\u00f3w. Za nasz artystyczny wysi\u0142ek zostali\u015bmy nagrodzeni statuetkami Arlekina oraz drobnymi upominkami. Czujemy si\u0119 spe\u0142nieni i usatysfakcjonowani. Dzi\u0119kujemy za zaproszenie do O\u015bwi\u0119cimia!<\/span><\/p>\n","protected":false},"excerpt":{"rendered":"<p>W czwartek 12 czerwca br. wzi\u0119li\u015bmy udzia\u0142 ju\u017c po raz sz\u00f3sty w Przegl\u0105dzie Artystycznym Os\u00f3b Niepe\u0142nosprawnych \u201eArlekiny 2014\u201d.&nbsp; Przegl\u0105d odbywa\u0142 si\u0119 na scenie O\u015bwi\u0119cimskiego Centrum Kultury.<\/p>\n","protected":false},"author":1,"featured_media":0,"comment_status":"open","ping_status":"open","sticky":false,"template":"","format":"standard","meta":{"footnotes":""},"categories":[7],"tags":[],"class_list":["post-186","post","type-post","status-publish","format-standard","hentry","category-aktualnosci"],"_links":{"self":[{"href":"https:\/\/wtztrzebinia.pl\/index.php?rest_route=\/wp\/v2\/posts\/186","targetHints":{"allow":["GET"]}}],"collection":[{"href":"https:\/\/wtztrzebinia.pl\/index.php?rest_route=\/wp\/v2\/posts"}],"about":[{"href":"https:\/\/wtztrzebinia.pl\/index.php?rest_route=\/wp\/v2\/types\/post"}],"author":[{"embeddable":true,"href":"https:\/\/wtztrzebinia.pl\/index.php?rest_route=\/wp\/v2\/users\/1"}],"replies":[{"embeddable":true,"href":"https:\/\/wtztrzebinia.pl\/index.php?rest_route=%2Fwp%2Fv2%2Fcomments&post=186"}],"version-history":[{"count":0,"href":"https:\/\/wtztrzebinia.pl\/index.php?rest_route=\/wp\/v2\/posts\/186\/revisions"}],"wp:attachment":[{"href":"https:\/\/wtztrzebinia.pl\/index.php?rest_route=%2Fwp%2Fv2%2Fmedia&parent=186"}],"wp:term":[{"taxonomy":"category","embeddable":true,"href":"https:\/\/wtztrzebinia.pl\/index.php?rest_route=%2Fwp%2Fv2%2Fcategories&post=186"},{"taxonomy":"post_tag","embeddable":true,"href":"https:\/\/wtztrzebinia.pl\/index.php?rest_route=%2Fwp%2Fv2%2Ftags&post=186"}],"curies":[{"name":"wp","href":"https:\/\/api.w.org\/{rel}","templated":true}]}}