{"id":182,"date":"2014-05-29T11:38:38","date_gmt":"2014-05-29T11:38:38","guid":{"rendered":"https:\/\/wtztrzebinia.pl\/?p=182"},"modified":"2014-05-29T11:38:38","modified_gmt":"2014-05-29T11:38:38","slug":"xi-ogolnopolski-piknik-muzyczny-27-05-2014r","status":"publish","type":"post","link":"https:\/\/wtztrzebinia.pl\/?p=182","title":{"rendered":"XI Og\u00f3lnopolski Piknik Muzyczny &#8211; 27.05.2014r."},"content":{"rendered":"<p style=\"margin-bottom: 0.0001pt;\">Nasze trzebi\u0144skie plac\u00f3wki zorganizowa\u0142y w tym roku ju\u017c po raz jedenasty Og\u00f3lnopolski Piknik Muzyczny Os\u00f3b Niepe\u0142nosprawnych. Do udzia\u0142u w spotkaniu zg\u0142osi\u0142o si\u0119 19 zespo\u0142\u00f3w i solist\u00f3w. Podczas wyst\u0119p\u00f3w prezentowali si\u0119 instrumentali\u015bci, wokali\u015bci, tancerze i r\u00f3\u017cni inni rozmaici arty\u015bci o muzycznym zaci\u0119ciu.<\/p>\n<p><!--more--><\/p>\n<p style=\"margin-bottom: 0.0001pt;\">Uroczystego otwarcia Pikniku dokona\u0142&nbsp; Ks. Tadeusz Zaleski &#8211; Prezes Fundacji im. Brata Alberta. Jak zwykle na rozgrzewk\u0119 wyst\u0105pi\u0142 Rafa\u0142 Korczy\u0144ski z naszego warsztatowego zespo\u0142u \u201eThe Best\u201d z przebojem zespo\u0142u Perfect \u201eAle wko\u0142o jest weso\u0142o\u201d. Zaraz po tej rozgrzewce rozpocz\u0119\u0142y si\u0119 prezentacje zespo\u0142\u00f3w i solist\u00f3w. Podobnie jak w poprzednich latach spotkanie zgromadzi\u0142o ponad 300 os\u00f3b niepe\u0142nosprawnych i ich opiekun\u00f3w.<\/p>\n<p style=\"margin-bottom: 0.0001pt;\">Przed publiczno\u015bci\u0105 wyst\u0105pili: \u201eThe Best\u201d \u2013 WTZ w Trzebini; \u201eIskierki\u201d &#8211; SOSW Gimnazjum w Chrzanowie; \u201e\u015awierszcze\u201d &#8211; SOSW Szko\u0142a Podstawowa w Chrzanowie; \u201eAlberty\u201d \u2013 WTZ Fundacji im. Brata Alberta w Sosnowcu; \u201ePrzebudzeni\u201d &#8211; WTZ Stowarzyszenie Otwartych Serc Aktywnych Kobiet w Olkuszu; \u201eArabeska\u201d &#8211; WTZ w Ko\u0144skich; \u201e\u00d3semeczki\u201d &#8211; Szko\u0142a Podstawowa nr 8 im. Jana Paw\u0142a II w Trzebini; \u201eOtwarte serca\u201d &#8211; Warsztat Terapii Zaj\u0119ciowej w \u0141apanowie; \u201eZawadiaki\u201d- WTZ w Zawadzie Uszewskiej; \u201eWeso\u0142o mi\u201d &#8211; \u015awietlica Terapeutyczna Fundacji im. Brata Alberta w Krakowie; \u201eSarabanda\u201d &#8211; Dom Pomocy Spo\u0142ecznej w P\u0142azie; \u201eEmaus\u201d &#8211; WTZ Stowarzyszenia Integracji oraz Aktywizacji Zawodowej i Spo\u0142ecznej Os\u00f3b Niepe\u0142nosprawnych w Krakowie; \u201eForest Boys\u201d &#8211; WTZ Fundacji im. Brata Alberta w Przeciszowie; Szymon Warzecha z SOSW ZSZ w Chrzanowie; Pawe\u0142 Cieciak &#8211; WTZ Fundacji im. Brata Alberta w Libi\u0105\u017ca; \u201ePere\u0142ki\u201d- WTZ Fundacji im. Brata Alberta w Chrzanowie; \u201eTalarki\u201d- \u015awietlica Terapeutyczna Fundacji im. Brata Alberta w Trzebini, \u201eIch troje\u201d ze \u015arodowiskowego Domu Samopomocy Fundacji im. Brata Alberta w Radwanowicach<\/p>\n<p style=\"margin-bottom: 0.0001pt;\">Jury w sk\u0142adzie, kt\u00f3rego zasiadali; Ma\u0142gorzata Liszka \u2013 muzykoterapeuta oraz Jacek Palka \u2013 choreograf i Bronis\u0142aw Papiernik \u2013 uczestnik WTZ w Trzebini, przyzna\u0142o trzy wyr\u00f3\u017cnienia;<\/p>\n<ul>\n<li style=\"margin-bottom: 0.0001pt;\"><span style=\"font-family: Symbol;\"><span style=\"font-size: 7pt; font-family: 'Times New Roman';\">&nbsp;<\/span><\/span>dla zespo\u0142u tanecznego \u201ePrzebudzeni\u201d &#8211; WTZ Stowarzyszenie Otwartych Serc Aktywnych Kobiet w Olkuszu za taniec \u201eWaka Waka\u201d<\/li>\n<li style=\"margin-bottom: 0.0001pt;\"><span style=\"font-family: Symbol;\"><span style=\"font-size: 7pt; font-family: 'Times New Roman';\">&nbsp;<\/span><\/span><span style=\"text-indent: -18pt;\">dla Szymona Warzechy z SOSW ZSZ w Chrzanowie za piosenk\u0119 \u201eGdybym by\u0142 bogaty\u201d<\/span><\/li>\n<li style=\"margin-bottom: 0.0001pt;\"><span style=\"text-indent: -18pt;\">dla zespo\u0142u muzycznego Alberty\u201d &#8211; WTZ Fundacji im. Brata Alberta w Sosnowcu za piosenki \u201e\u017byj\u0119 w tym mie\u015bcie\u201d<\/span><\/li>\n<\/ul>\n<p style=\"margin-bottom: 0.0001pt;\">W przerwie na obrady jury wyst\u0105pili wszyscy, kt\u00f3rzy chcieli zaprezentowa\u0107 si\u0119 na scenie; Maciej Piaszczy\u0144ski \u2013 WTZ Trzebinia, Forrest Boys z WTZ Przecisz\u00f3w i Zuzanna Brz\u0119czek.<\/p>\n<p style=\"margin-bottom: 0.0001pt;\">Po tej kr\u00f3tkiej i artystycznej przerwie nast\u0105pi\u0142o wr\u0119czenie nagr\u00f3d i upomink\u00f3w; niespodzianek w wielkich czarnych workach a dodatkowo s\u0142odyczy oraz gad\u017cet\u00f3w promocyjnych Powiatu Chrzanowskiego i Miasta i Gminy Trzebinia. Do nagr\u00f3d do\u0142\u0105czone by\u0142y pami\u0105tkowe dyplomy oraz gliniane gongi okoliczno\u015bciowe wykonane w pracowniach warsztatowych w WTZ w Trzebini.<\/p>\n<p style=\"margin-bottom: 0.0001pt;\">W tym roku organizacj\u0119 Pikniku dofinansowa\u0142 Pa\u0144stwowy Fundusz rehabilitacji Os\u00f3b Niepe\u0142nosprawnych, Starostwo Powiatowe w Chrzanowie, Komenda Hufca ZHP w Trzebini oraz projekt POKL \u201eZ pomoc\u0105 rodzinie\u201d. Wsparli nas tak\u017ce nasi przyjaciele; lokalni przedsi\u0119biorcy, rodzice naszych podopiecznych oraz wolontariusze z Zespo\u0142u Szk\u00f3\u0142 Techniczno-Us\u0142ugowych w Trzebini oraz wolontariusze z Zak\u0142adu Karnego w Trzebini.<\/p>\n","protected":false},"excerpt":{"rendered":"<p>Nasze trzebi\u0144skie plac\u00f3wki zorganizowa\u0142y w tym roku ju\u017c po raz jedenasty Og\u00f3lnopolski Piknik Muzyczny Os\u00f3b Niepe\u0142nosprawnych. Do udzia\u0142u w spotkaniu zg\u0142osi\u0142o si\u0119 19 zespo\u0142\u00f3w i solist\u00f3w. Podczas wyst\u0119p\u00f3w prezentowali si\u0119 instrumentali\u015bci, wokali\u015bci, tancerze i r\u00f3\u017cni inni rozmaici arty\u015bci o muzycznym zaci\u0119ciu.<\/p>\n","protected":false},"author":1,"featured_media":0,"comment_status":"open","ping_status":"open","sticky":false,"template":"","format":"standard","meta":{"footnotes":""},"categories":[7],"tags":[],"class_list":["post-182","post","type-post","status-publish","format-standard","hentry","category-aktualnosci"],"_links":{"self":[{"href":"https:\/\/wtztrzebinia.pl\/index.php?rest_route=\/wp\/v2\/posts\/182","targetHints":{"allow":["GET"]}}],"collection":[{"href":"https:\/\/wtztrzebinia.pl\/index.php?rest_route=\/wp\/v2\/posts"}],"about":[{"href":"https:\/\/wtztrzebinia.pl\/index.php?rest_route=\/wp\/v2\/types\/post"}],"author":[{"embeddable":true,"href":"https:\/\/wtztrzebinia.pl\/index.php?rest_route=\/wp\/v2\/users\/1"}],"replies":[{"embeddable":true,"href":"https:\/\/wtztrzebinia.pl\/index.php?rest_route=%2Fwp%2Fv2%2Fcomments&post=182"}],"version-history":[{"count":0,"href":"https:\/\/wtztrzebinia.pl\/index.php?rest_route=\/wp\/v2\/posts\/182\/revisions"}],"wp:attachment":[{"href":"https:\/\/wtztrzebinia.pl\/index.php?rest_route=%2Fwp%2Fv2%2Fmedia&parent=182"}],"wp:term":[{"taxonomy":"category","embeddable":true,"href":"https:\/\/wtztrzebinia.pl\/index.php?rest_route=%2Fwp%2Fv2%2Fcategories&post=182"},{"taxonomy":"post_tag","embeddable":true,"href":"https:\/\/wtztrzebinia.pl\/index.php?rest_route=%2Fwp%2Fv2%2Ftags&post=182"}],"curies":[{"name":"wp","href":"https:\/\/api.w.org\/{rel}","templated":true}]}}