{"id":181,"date":"2014-05-25T19:28:22","date_gmt":"2014-05-25T19:28:22","guid":{"rendered":"https:\/\/wtztrzebinia.pl\/?p=181"},"modified":"2014-05-25T19:28:22","modified_gmt":"2014-05-25T19:28:22","slug":"festyn-z-okazji-dnia-matki-i-dziecka-25-05-2014r","status":"publish","type":"post","link":"https:\/\/wtztrzebinia.pl\/?p=181","title":{"rendered":"Festyn z okazji Dnia Matki i Dziecka \u2013 25.05.2014r."},"content":{"rendered":"<p style=\"margin-bottom: 0.0001pt; text-align: justify;\">Jak co roku, w okolicach Dnia Matki i Dziecka, wzi\u0119li\u015bmy udzia\u0142 w Festynie, jaki odby\u0142 si\u0119 po raz XIX przy budynku WTZ, na terenie parafii \u015aw. Aposto\u0142\u00f3w Piotra i Paw\u0142a w Trzebini.<\/p>\n<p><!--more--><\/p>\n<p style=\"margin-bottom: 0.0001pt; text-align: justify;\">&nbsp;<\/p>\n<p style=\"margin-bottom: 0.0001pt; text-align: justify;\">Nasi warsztatowi arty\u015bci mieli okazj\u0119 wyst\u0105pi\u0107 na scenie ze swoimi popisami wokalnymi. W barwach WTZ-tu wyst\u0105pi\u0142 Rafa\u0142 Korczy\u0144ski z przebojem zespo\u0142u Perfect \u201eAle wko\u0142o jest weso\u0142o\u201d a \u015bwietlic\u0119 terapeutyczn\u0105 reprezentowali; Kaziu B\u0105czek, Piotr Sporek i Tomasz Chodacki . Jak zwykle nasze wyst\u0119py nagrodzone zosta\u0142y aplauzem publiczno\u015bci. Na koniec za\u015b jak to zwykle bywa przeboje Majki Je\u017cowskiej za\u015bpiewa\u0142 maciek Piaszczy\u0144ski.<\/p>\n<p style=\"margin-bottom: 0.0001pt; text-align: justify;\">Podczas festynu trwa\u0142 kiermasz prac uczestnik\u00f3w WTZ i \u015awietlicy Terapeutycznej oraz cz\u0119stowali\u015bmy zebranych kawa i herbat\u0105. W tym roku dzielnie pomagali nam wolontariusze- uczniowie ZSTU w Trzebini pod czujnym okiem Pani Katarzyny Rutyny. Na koniec za\u015b wyst\u0105pi\u0142a z zespo\u0142em Magda Anio\u0142. Wszyscy bawili si\u0119 wy\u015bmienicie dop\u00f3ki brzmia\u0142a muzyka, p\u00f3\u017aniej, czyli ciemna noc\u0105, w wy\u015bmienitych nastrojach rozeszli\u015bmy si\u0119 do dom\u00f3w.<\/p>\n","protected":false},"excerpt":{"rendered":"<p>Jak co roku, w okolicach Dnia Matki i Dziecka, wzi\u0119li\u015bmy udzia\u0142 w Festynie, jaki odby\u0142 si\u0119 po raz XIX przy budynku WTZ, na terenie parafii \u015aw. Aposto\u0142\u00f3w Piotra i Paw\u0142a w Trzebini.<\/p>\n","protected":false},"author":1,"featured_media":0,"comment_status":"open","ping_status":"open","sticky":false,"template":"","format":"standard","meta":{"footnotes":""},"categories":[7],"tags":[],"class_list":["post-181","post","type-post","status-publish","format-standard","hentry","category-aktualnosci"],"_links":{"self":[{"href":"https:\/\/wtztrzebinia.pl\/index.php?rest_route=\/wp\/v2\/posts\/181","targetHints":{"allow":["GET"]}}],"collection":[{"href":"https:\/\/wtztrzebinia.pl\/index.php?rest_route=\/wp\/v2\/posts"}],"about":[{"href":"https:\/\/wtztrzebinia.pl\/index.php?rest_route=\/wp\/v2\/types\/post"}],"author":[{"embeddable":true,"href":"https:\/\/wtztrzebinia.pl\/index.php?rest_route=\/wp\/v2\/users\/1"}],"replies":[{"embeddable":true,"href":"https:\/\/wtztrzebinia.pl\/index.php?rest_route=%2Fwp%2Fv2%2Fcomments&post=181"}],"version-history":[{"count":0,"href":"https:\/\/wtztrzebinia.pl\/index.php?rest_route=\/wp\/v2\/posts\/181\/revisions"}],"wp:attachment":[{"href":"https:\/\/wtztrzebinia.pl\/index.php?rest_route=%2Fwp%2Fv2%2Fmedia&parent=181"}],"wp:term":[{"taxonomy":"category","embeddable":true,"href":"https:\/\/wtztrzebinia.pl\/index.php?rest_route=%2Fwp%2Fv2%2Fcategories&post=181"},{"taxonomy":"post_tag","embeddable":true,"href":"https:\/\/wtztrzebinia.pl\/index.php?rest_route=%2Fwp%2Fv2%2Ftags&post=181"}],"curies":[{"name":"wp","href":"https:\/\/api.w.org\/{rel}","templated":true}]}}