{"id":178,"date":"2014-05-12T06:17:39","date_gmt":"2014-05-12T06:17:39","guid":{"rendered":"https:\/\/wtztrzebinia.pl\/?p=178"},"modified":"2014-05-12T06:17:39","modified_gmt":"2014-05-12T06:17:39","slug":"rajd-wiosenny-hufca-zhp-10-05-2014","status":"publish","type":"post","link":"https:\/\/wtztrzebinia.pl\/?p=178","title":{"rendered":"Rajd wiosenny Hufca  ZHP \u2013 10.05.2014"},"content":{"rendered":"<p>W miniona sobot\u0119, 10.05.14 r. nasza warsztatowa dru\u017cyna harcerska \u201eZo\u015bka\u201d wzi\u0119\u0142a udzia\u0142 w Rajdzie Hufca ZHP w Trzebini pt. \u201eWitaj wiosno\u201d. W ramach rajdu przeszli\u015bmy od w\u0105wozu pod Bo\u017cniow\u0105, przez park ko\u0142o Dworu Zieleniewskich a\u017c do Balatonu.<\/p>\n<p><!--more--><\/p>\n<p>W w\u0105wozie na dru\u017cyn\u0119 czeka\u0142a niespodzianka\u2026po kr\u00f3tkim marszu i poszukiwaniu znak\u00f3w patrolowych dotarli\u015bmy na punkt rajdowy, w kt\u00f3rym\u2026.odby\u0142o si\u0119 przyrzeczenie harcerskie naszych nowych czterech druh\u00f3w i druhen; Angeliki, Ani, \u0141ukasza i Marcina. Zanim jednak nast\u0105pi\u0142 ten uroczysty moment , kandydaci na harcerzy musieli wykona\u0107 szereg zada\u0144 i pr\u00f3b. Wszystkim uda\u0142o si\u0119 przej\u015b\u0107 pr\u00f3by cia\u0142a i ducha pozytywnie i&nbsp; po odczytaniu rozkazu z\u0142o\u017cyli uroczyste Przyrzeczenie Harcerskie.&nbsp; Podczas ca\u0142ego rajdu dru\u017cyna wykonywa\u0142a rozmaite zadania rajdowe; udzieli\u0142a I pomocy uk\u0105szonemu przez \u017cmij\u0119 druhowi Piotrkowi, wymy\u015bli\u0142a taniec zaklinaj\u0105cy wiosn\u0119 i s\u0142o\u0144ce, przygotowa\u0142a stroik wiosenny, nauczy\u0142a si\u0119 wierszyk\u00f3w o wio\u015bnie i w ko\u0144cu przygotowa\u0142a kartk\u0119 do kroniki. W nagrod\u0119 za dotarcie na ostatni punkt rajdowy dru\u017cyna otrzyma\u0142a od dh Iwony Kucharskiej kompas. Teraz to ju\u017c \u017cadna w\u0119dr\u00f3wka nie b\u0119dzie nam straszna!<\/p>\n","protected":false},"excerpt":{"rendered":"<p>W miniona sobot\u0119, 10.05.14 r. nasza warsztatowa dru\u017cyna harcerska \u201eZo\u015bka\u201d wzi\u0119\u0142a udzia\u0142 w Rajdzie Hufca ZHP w Trzebini pt. \u201eWitaj wiosno\u201d. W ramach rajdu przeszli\u015bmy od w\u0105wozu pod Bo\u017cniow\u0105, przez park ko\u0142o Dworu Zieleniewskich a\u017c do Balatonu.<\/p>\n","protected":false},"author":1,"featured_media":0,"comment_status":"open","ping_status":"open","sticky":false,"template":"","format":"standard","meta":{"footnotes":""},"categories":[7],"tags":[],"class_list":["post-178","post","type-post","status-publish","format-standard","hentry","category-aktualnosci"],"_links":{"self":[{"href":"https:\/\/wtztrzebinia.pl\/index.php?rest_route=\/wp\/v2\/posts\/178","targetHints":{"allow":["GET"]}}],"collection":[{"href":"https:\/\/wtztrzebinia.pl\/index.php?rest_route=\/wp\/v2\/posts"}],"about":[{"href":"https:\/\/wtztrzebinia.pl\/index.php?rest_route=\/wp\/v2\/types\/post"}],"author":[{"embeddable":true,"href":"https:\/\/wtztrzebinia.pl\/index.php?rest_route=\/wp\/v2\/users\/1"}],"replies":[{"embeddable":true,"href":"https:\/\/wtztrzebinia.pl\/index.php?rest_route=%2Fwp%2Fv2%2Fcomments&post=178"}],"version-history":[{"count":0,"href":"https:\/\/wtztrzebinia.pl\/index.php?rest_route=\/wp\/v2\/posts\/178\/revisions"}],"wp:attachment":[{"href":"https:\/\/wtztrzebinia.pl\/index.php?rest_route=%2Fwp%2Fv2%2Fmedia&parent=178"}],"wp:term":[{"taxonomy":"category","embeddable":true,"href":"https:\/\/wtztrzebinia.pl\/index.php?rest_route=%2Fwp%2Fv2%2Fcategories&post=178"},{"taxonomy":"post_tag","embeddable":true,"href":"https:\/\/wtztrzebinia.pl\/index.php?rest_route=%2Fwp%2Fv2%2Ftags&post=178"}],"curies":[{"name":"wp","href":"https:\/\/api.w.org\/{rel}","templated":true}]}}