{"id":169,"date":"2014-04-11T12:32:09","date_gmt":"2014-04-11T12:32:09","guid":{"rendered":"https:\/\/wtztrzebinia.pl\/?p=169"},"modified":"2014-04-11T12:32:09","modified_gmt":"2014-04-11T12:32:09","slug":"uwolnij-swoj-1-po-raz-trzeci-11-04-2014r","status":"publish","type":"post","link":"https:\/\/wtztrzebinia.pl\/?p=169","title":{"rendered":"\u201eUwolnij sw\u00f3j 1%\u201d  po raz trzeci \u2013 11.04.2014r."},"content":{"rendered":"<p><span>Ju\u017c po raz trzeci w tym roku \u2013 11.04.2014r. podopieczni, pracownicy i wolontariusze naszych plac\u00f3wek, czyli Warsztatu Terapii Zaj\u0119ciowej i \u015awietlicy Terapeutycznej w Trzebini, wyszli z ulotkami zach\u0119caj\u0105cymi do odpisu 1 % podatku na rzecz Fundacji im. Brata Alberta.<\/span><\/p>\n<p><!--more--><\/p>\n<p><span>Wyszli\u015bmy na trzebi\u0144skie ulice, place i zakamarki do kt\u00f3rych nie dotarli wcze\u015bniej. Podobnie jak na ka\u017cdej poprzedniej akcji i tym razem rozdawali\u015bmy ulotki, u\u015bmiechem i mi\u0142ym s\u0142owem zach\u0119cali\u015bmy do wspierania nas odpisem podatku lub w ka\u017cdy inny spos\u00f3b. Wszystkim tym osobom, kt\u00f3re przekaza\u0142y nam ju\u017c sw\u00f3j 1% serdecznie dzi\u0119kujemy, a tych kt\u00f3rzy si\u0119 jeszcze wahaj\u0105 gor\u0105co zach\u0119camy \u201eUwolnij sw\u00f3j 1%\u201d i \u201eZamiast fiskusowi &#8211; podaruj Albertowi!\u201d<\/span><\/p>\n","protected":false},"excerpt":{"rendered":"<p>Ju\u017c po raz trzeci w tym roku \u2013 11.04.2014r. podopieczni, pracownicy i wolontariusze naszych plac\u00f3wek, czyli Warsztatu Terapii Zaj\u0119ciowej i \u015awietlicy Terapeutycznej w Trzebini, wyszli z ulotkami zach\u0119caj\u0105cymi do odpisu 1 % podatku na rzecz Fundacji im. Brata Alberta.<\/p>\n","protected":false},"author":1,"featured_media":0,"comment_status":"open","ping_status":"open","sticky":false,"template":"","format":"standard","meta":{"footnotes":""},"categories":[7],"tags":[],"class_list":["post-169","post","type-post","status-publish","format-standard","hentry","category-aktualnosci"],"_links":{"self":[{"href":"https:\/\/wtztrzebinia.pl\/index.php?rest_route=\/wp\/v2\/posts\/169","targetHints":{"allow":["GET"]}}],"collection":[{"href":"https:\/\/wtztrzebinia.pl\/index.php?rest_route=\/wp\/v2\/posts"}],"about":[{"href":"https:\/\/wtztrzebinia.pl\/index.php?rest_route=\/wp\/v2\/types\/post"}],"author":[{"embeddable":true,"href":"https:\/\/wtztrzebinia.pl\/index.php?rest_route=\/wp\/v2\/users\/1"}],"replies":[{"embeddable":true,"href":"https:\/\/wtztrzebinia.pl\/index.php?rest_route=%2Fwp%2Fv2%2Fcomments&post=169"}],"version-history":[{"count":0,"href":"https:\/\/wtztrzebinia.pl\/index.php?rest_route=\/wp\/v2\/posts\/169\/revisions"}],"wp:attachment":[{"href":"https:\/\/wtztrzebinia.pl\/index.php?rest_route=%2Fwp%2Fv2%2Fmedia&parent=169"}],"wp:term":[{"taxonomy":"category","embeddable":true,"href":"https:\/\/wtztrzebinia.pl\/index.php?rest_route=%2Fwp%2Fv2%2Fcategories&post=169"},{"taxonomy":"post_tag","embeddable":true,"href":"https:\/\/wtztrzebinia.pl\/index.php?rest_route=%2Fwp%2Fv2%2Ftags&post=169"}],"curies":[{"name":"wp","href":"https:\/\/api.w.org\/{rel}","templated":true}]}}