{"id":168,"date":"2014-04-11T08:23:40","date_gmt":"2014-04-11T08:23:40","guid":{"rendered":"https:\/\/wtztrzebinia.pl\/?p=168"},"modified":"2014-04-11T08:23:40","modified_gmt":"2014-04-11T08:23:40","slug":"festiwal-piosenki-harcerskiej-i-zuchowej-mloszowa-03-04-2014","status":"publish","type":"post","link":"https:\/\/wtztrzebinia.pl\/?p=168","title":{"rendered":"Festiwal Piosenki Harcerskiej i Zuchowej \u2013 M\u0142oszowa \u2013 03.04.2014"},"content":{"rendered":"<p style=\"line-height: normal;\"><span>Po zesz\u0142orocznej edycji Festiwalu, w kt\u00f3rym uda\u0142o si\u0119 nam zdoby\u0107 III miejsce oraz ca\u0142orocznych intensywnych przygotowaniach, warsztatowa dru\u017cyna harcerska \u201eZo\u015bka\u201d wyst\u0105pi\u0142a na Festiwalu Piosenki Harcerskiej i Zuchowej, kt\u00f3ry zorganizowa\u0142a trzebi\u0144ska Komenda Hufca ZHP.<\/span><\/p>\n<p><!--more--><\/p>\n<p style=\"line-height: normal;\"><span> Spotkanie jak zwykle mia\u0142o miejsce w WDK w M\u0142oszowej i odby\u0142o si\u0119 w dn. 03.04.2014r. Jak co roku konkurencja by\u0142a du\u017ca, wszyscy uczestnicy festiwalu, zuchy, harcerze i w\u0119drownicy, \u015bpiewali jak zawodowcy! Publiczno\u015b\u0107 zosta\u0142a porwana brawurowym wykonaniem \u201eSosenki\u201d przez druh\u00f3w w\u0119drownik\u00f3w, ale mimo to nasz wyst\u0119p rzuci\u0142 wszystkich na kolana. W tej edycji festiwalu zaprezentowali\u015bmy wi\u0105zank\u0119 utwor\u00f3w; <\/span>&#8222;Ogie\u0144&#8221;, &#8222;Dalej weso\u0142o&#8221;, &#8222;Hej przyjaciele&#8221; a druhny Basia Kipek i Wiola Sobczyk za\u015bpiewa\u0142y &#8222;Lato z ptakami odchodzi&#8221;. Efektem naszych artystycznych popis\u00f3w by\u0142o zaj\u0119cie I miejsca dla dru\u017cyny i otrzymanie specjalnego wyr\u00f3\u017cnienia dla roz\u015bpiewanych druhen. Dzi\u0119kujemy za \u015bwietn\u0105 zabaw\u0119. Za rok te\u017c damy czadu!<\/p>\n","protected":false},"excerpt":{"rendered":"<p>Po zesz\u0142orocznej edycji Festiwalu, w kt\u00f3rym uda\u0142o si\u0119 nam zdoby\u0107 III miejsce oraz ca\u0142orocznych intensywnych przygotowaniach, warsztatowa dru\u017cyna harcerska \u201eZo\u015bka\u201d wyst\u0105pi\u0142a na Festiwalu Piosenki Harcerskiej i Zuchowej, kt\u00f3ry zorganizowa\u0142a trzebi\u0144ska Komenda Hufca ZHP.<\/p>\n","protected":false},"author":1,"featured_media":0,"comment_status":"open","ping_status":"open","sticky":false,"template":"","format":"standard","meta":{"footnotes":""},"categories":[7],"tags":[],"class_list":["post-168","post","type-post","status-publish","format-standard","hentry","category-aktualnosci"],"_links":{"self":[{"href":"https:\/\/wtztrzebinia.pl\/index.php?rest_route=\/wp\/v2\/posts\/168","targetHints":{"allow":["GET"]}}],"collection":[{"href":"https:\/\/wtztrzebinia.pl\/index.php?rest_route=\/wp\/v2\/posts"}],"about":[{"href":"https:\/\/wtztrzebinia.pl\/index.php?rest_route=\/wp\/v2\/types\/post"}],"author":[{"embeddable":true,"href":"https:\/\/wtztrzebinia.pl\/index.php?rest_route=\/wp\/v2\/users\/1"}],"replies":[{"embeddable":true,"href":"https:\/\/wtztrzebinia.pl\/index.php?rest_route=%2Fwp%2Fv2%2Fcomments&post=168"}],"version-history":[{"count":0,"href":"https:\/\/wtztrzebinia.pl\/index.php?rest_route=\/wp\/v2\/posts\/168\/revisions"}],"wp:attachment":[{"href":"https:\/\/wtztrzebinia.pl\/index.php?rest_route=%2Fwp%2Fv2%2Fmedia&parent=168"}],"wp:term":[{"taxonomy":"category","embeddable":true,"href":"https:\/\/wtztrzebinia.pl\/index.php?rest_route=%2Fwp%2Fv2%2Fcategories&post=168"},{"taxonomy":"post_tag","embeddable":true,"href":"https:\/\/wtztrzebinia.pl\/index.php?rest_route=%2Fwp%2Fv2%2Ftags&post=168"}],"curies":[{"name":"wp","href":"https:\/\/api.w.org\/{rel}","templated":true}]}}