{"id":167,"date":"2014-04-11T08:14:39","date_gmt":"2014-04-11T08:14:39","guid":{"rendered":"https:\/\/wtztrzebinia.pl\/?p=167"},"modified":"2014-04-11T08:14:39","modified_gmt":"2014-04-11T08:14:39","slug":"chrzanowska-lokomotywa-artystyczna-2014-04-04-2014r","status":"publish","type":"post","link":"https:\/\/wtztrzebinia.pl\/?p=167","title":{"rendered":"Chrzanowska Lokomotywa Artystyczna 2014 \u2013 04.04.2014r."},"content":{"rendered":"<p><span style=\"font-size: 11pt; font-family: 'Calibri','sans-serif';\">W dniu 04.04.2014 przedstawiciel naszego Warsztatu wzi\u0105\u0142 udzia\u0142 w kolejnej edycji Og\u00f3lnopolskiego Integracyjnego Festiwalu Ta\u0144ca i Piosenki \u201eChrzanowska Lokomotywa Artystyczna\u201d.<\/span><\/p>\n<p><!--more--><\/p>\n<p><span style=\"font-size: 11pt; font-family: 'Calibri','sans-serif';\">W tym roku patronat honorowy nad impreza przyj\u0119li; Stowarzyszenie \u201eTravelling Inspiration\u201d i Marsza\u0142ek Wojew\u00f3dztwa Ma\u0142opolskiego Marek Sowa.<\/span><\/p>\n<p><span style=\"font-size: 11pt; font-family: 'Calibri','sans-serif';\">Podczas festiwalu w ramach kategorii integracyjnej; osoby doros\u0142e nasz uczestnik Rafa\u0142 Korczy\u0144ski za\u015bpiewa\u0142 piosenk\u0119 kultowego zespo\u0142u \u201ePerfect\u201d pt. \u201eAle wko\u0142o jest wko\u0142o\u201d. Do wyst\u0119pu przygotowa\u0142a go p. Wioletta Sobczyk. Obu gratulujemy!<\/span><\/p>\n<p><span style=\"font-size: 11pt; font-family: 'Calibri','sans-serif';\">Nale\u017cy nadmieni\u0107, ze po raz kolejny nasz Warsztat przygotowa\u0142 pami\u0105tkowe \u201estatuetki-dyplomy\u201d dla wszystkich uczestnik\u00f3w festiwalu ! Mamy nadzieje, ze tradycja ta b\u0119dzie podtrzymywana w kolejnych latach\u2026 Dzi\u0119kujemy organizatorom za zaufanie!<\/span><\/p>\n","protected":false},"excerpt":{"rendered":"<p>W dniu 04.04.2014 przedstawiciel naszego Warsztatu wzi\u0105\u0142 udzia\u0142 w kolejnej edycji Og\u00f3lnopolskiego Integracyjnego Festiwalu Ta\u0144ca i Piosenki \u201eChrzanowska Lokomotywa Artystyczna\u201d.<\/p>\n","protected":false},"author":1,"featured_media":0,"comment_status":"open","ping_status":"open","sticky":false,"template":"","format":"standard","meta":{"footnotes":""},"categories":[7],"tags":[],"class_list":["post-167","post","type-post","status-publish","format-standard","hentry","category-aktualnosci"],"_links":{"self":[{"href":"https:\/\/wtztrzebinia.pl\/index.php?rest_route=\/wp\/v2\/posts\/167","targetHints":{"allow":["GET"]}}],"collection":[{"href":"https:\/\/wtztrzebinia.pl\/index.php?rest_route=\/wp\/v2\/posts"}],"about":[{"href":"https:\/\/wtztrzebinia.pl\/index.php?rest_route=\/wp\/v2\/types\/post"}],"author":[{"embeddable":true,"href":"https:\/\/wtztrzebinia.pl\/index.php?rest_route=\/wp\/v2\/users\/1"}],"replies":[{"embeddable":true,"href":"https:\/\/wtztrzebinia.pl\/index.php?rest_route=%2Fwp%2Fv2%2Fcomments&post=167"}],"version-history":[{"count":0,"href":"https:\/\/wtztrzebinia.pl\/index.php?rest_route=\/wp\/v2\/posts\/167\/revisions"}],"wp:attachment":[{"href":"https:\/\/wtztrzebinia.pl\/index.php?rest_route=%2Fwp%2Fv2%2Fmedia&parent=167"}],"wp:term":[{"taxonomy":"category","embeddable":true,"href":"https:\/\/wtztrzebinia.pl\/index.php?rest_route=%2Fwp%2Fv2%2Fcategories&post=167"},{"taxonomy":"post_tag","embeddable":true,"href":"https:\/\/wtztrzebinia.pl\/index.php?rest_route=%2Fwp%2Fv2%2Ftags&post=167"}],"curies":[{"name":"wp","href":"https:\/\/api.w.org\/{rel}","templated":true}]}}