{"id":166,"date":"2014-04-11T08:13:46","date_gmt":"2014-04-11T08:13:46","guid":{"rendered":"https:\/\/wtztrzebinia.pl\/?p=166"},"modified":"2014-04-11T08:13:46","modified_gmt":"2014-04-11T08:13:46","slug":"wielkanocna-zbiorka-zywnosci-04-05-04-2014r","status":"publish","type":"post","link":"https:\/\/wtztrzebinia.pl\/?p=166","title":{"rendered":"Wielkanocna zbi\u00f3rka \u017cywno\u015bci \u2013 04-05.04.2014r."},"content":{"rendered":"<p>W dniach 04.04-05.04.2014 podopieczni Fundacji im. Brata Alberta, pracownicy Warsztatu i \u015awietlicy oraz blisko 60 wolontariuszy z Gimnazjum nr 2 w Trzebini, Gimnazjum nr 2 w Chrzanowie, II LO w Chrzanowie i z ZSTU w Trzebini, wsp\u00f3lnie z Krakowskim Bankiem \u017bywno\u015bci brali udzia\u0142 w \u201eWielkanocnej Zbi\u00f3rce \u017bywno\u015bci\u201d.<\/p>\n<p><!--more--><\/p>\n<p>W pi\u0119ciu lokalnych marketach; Biedronka, Inter Marche i Lidl w Trzebini oraz Piotr i Pawe\u0142 i Kaufland w Chrzanowie, zebrali\u015bmy w sumie <strong>1.137,63 kg<\/strong> \u017cywno\u015bci o przed\u0142u\u017conej trwa\u0142o\u015bci. Zebrane produkty zostan\u0105 wykorzystane zostan\u0105 do przygotowywania posi\u0142k\u00f3w dla podopiecznych Fundacji, jak zwykle podzielimy si\u0119 tak\u017ce z podopiecznymi Caritas przy Ko\u015bciele \u015bw. Aposto\u0142\u00f3w Piotra i Paw\u0142a w Trzebini. Po raz kolejny bardzo gor\u0105co dzi\u0119kujemy sklepom, wolontariuszom i darczy\u0144com za pomoc, hojno\u015b\u0107 i zrozumienie.<\/p>\n","protected":false},"excerpt":{"rendered":"<p>W dniach 04.04-05.04.2014 podopieczni Fundacji im. Brata Alberta, pracownicy Warsztatu i \u015awietlicy oraz blisko 60 wolontariuszy z Gimnazjum nr 2 w Trzebini, Gimnazjum nr 2 w Chrzanowie, II LO w Chrzanowie i z ZSTU w Trzebini, wsp\u00f3lnie z Krakowskim Bankiem \u017bywno\u015bci brali udzia\u0142 w \u201eWielkanocnej Zbi\u00f3rce \u017bywno\u015bci\u201d.<\/p>\n","protected":false},"author":1,"featured_media":0,"comment_status":"open","ping_status":"open","sticky":false,"template":"","format":"standard","meta":{"footnotes":""},"categories":[7],"tags":[],"class_list":["post-166","post","type-post","status-publish","format-standard","hentry","category-aktualnosci"],"_links":{"self":[{"href":"https:\/\/wtztrzebinia.pl\/index.php?rest_route=\/wp\/v2\/posts\/166","targetHints":{"allow":["GET"]}}],"collection":[{"href":"https:\/\/wtztrzebinia.pl\/index.php?rest_route=\/wp\/v2\/posts"}],"about":[{"href":"https:\/\/wtztrzebinia.pl\/index.php?rest_route=\/wp\/v2\/types\/post"}],"author":[{"embeddable":true,"href":"https:\/\/wtztrzebinia.pl\/index.php?rest_route=\/wp\/v2\/users\/1"}],"replies":[{"embeddable":true,"href":"https:\/\/wtztrzebinia.pl\/index.php?rest_route=%2Fwp%2Fv2%2Fcomments&post=166"}],"version-history":[{"count":0,"href":"https:\/\/wtztrzebinia.pl\/index.php?rest_route=\/wp\/v2\/posts\/166\/revisions"}],"wp:attachment":[{"href":"https:\/\/wtztrzebinia.pl\/index.php?rest_route=%2Fwp%2Fv2%2Fmedia&parent=166"}],"wp:term":[{"taxonomy":"category","embeddable":true,"href":"https:\/\/wtztrzebinia.pl\/index.php?rest_route=%2Fwp%2Fv2%2Fcategories&post=166"},{"taxonomy":"post_tag","embeddable":true,"href":"https:\/\/wtztrzebinia.pl\/index.php?rest_route=%2Fwp%2Fv2%2Ftags&post=166"}],"curies":[{"name":"wp","href":"https:\/\/api.w.org\/{rel}","templated":true}]}}