{"id":164,"date":"2014-03-24T10:36:24","date_gmt":"2014-03-24T10:36:24","guid":{"rendered":"https:\/\/wtztrzebinia.pl\/?p=164"},"modified":"2014-03-24T10:36:24","modified_gmt":"2014-03-24T10:36:24","slug":"uwolnij-1-akcja-uliczna-21-03-14","status":"publish","type":"post","link":"https:\/\/wtztrzebinia.pl\/?p=164","title":{"rendered":"Uwolnij 1% &#8211; akcja uliczna &#8211; 21.03.14"},"content":{"rendered":"<p><span style=\"font-family: 'Arial','sans-serif';\">W pi\u0119kny wiosenny dzie\u0144 &#8211; 21.03.14 pracownicy i podopieczni naszych plac\u00f3wek, czyli Warsztatu Terapii Zaj\u0119ciowej i \u015awietlicy Terapeutycznej w Trzebini, rozeszli si\u0119 po ca\u0142ej (prawie) Trzebini. Wsp\u00f3lnie wyszli\u015bmy z ulotkami, plakatami, transparentami, aby spotka\u0107 si\u0119 z mieszka\u0144cami Trzebini i zach\u0119ci\u0107 ich do przekazania 1% podatku dochodowego na rzecz Fundacji im. Brata Alberta. Pogoda by\u0142a fantastyczna, atmosfera i humory podopiecznych r\u00f3wnie\u017c. Nie mo\u017cna by\u0142o w tym dniu, w mie\u015bcie, spotka\u0107 nikogo, kto nie dosta\u0142 od nas ulotki, u\u015bmiechu i mi\u0142ego s\u0142owa. Migawki z tej wydarzenia do obejrzenia w galerii. Kolejna taka akcja ju\u017c za dwa tygodnie \u2013 11.kwietnia br. Zapraszamy!<\/span><\/p>\n","protected":false},"excerpt":{"rendered":"<p>W pi\u0119kny wiosenny dzie\u0144 &#8211; 21.03.14 pracownicy i podopieczni naszych plac\u00f3wek, czyli Warsztatu Terapii Zaj\u0119ciowej i \u015awietlicy Terapeutycznej w Trzebini, rozeszli si\u0119 po ca\u0142ej (prawie) Trzebini. Wsp\u00f3lnie wyszli\u015bmy z ulotkami, plakatami, transparentami, aby spotka\u0107 si\u0119 z mieszka\u0144cami Trzebini i zach\u0119ci\u0107 ich do przekazania 1% podatku dochodowego na rzecz Fundacji im. Brata Alberta. Pogoda by\u0142a fantastyczna, atmosfera i humory podopiecznych r\u00f3wnie\u017c. Nie mo\u017cna by\u0142o w tym dniu, w mie\u015bcie, spotka\u0107 nikogo, kto nie dosta\u0142 od nas ulotki, u\u015bmiechu i mi\u0142ego s\u0142owa. Migawki z tej wydarzenia do obejrzenia w galerii. Kolejna taka akcja ju\u017c za dwa tygodnie \u2013 11.kwietnia br. Zapraszamy!<\/p>\n","protected":false},"author":1,"featured_media":0,"comment_status":"open","ping_status":"open","sticky":false,"template":"","format":"standard","meta":{"footnotes":""},"categories":[7],"tags":[],"class_list":["post-164","post","type-post","status-publish","format-standard","hentry","category-aktualnosci"],"_links":{"self":[{"href":"https:\/\/wtztrzebinia.pl\/index.php?rest_route=\/wp\/v2\/posts\/164","targetHints":{"allow":["GET"]}}],"collection":[{"href":"https:\/\/wtztrzebinia.pl\/index.php?rest_route=\/wp\/v2\/posts"}],"about":[{"href":"https:\/\/wtztrzebinia.pl\/index.php?rest_route=\/wp\/v2\/types\/post"}],"author":[{"embeddable":true,"href":"https:\/\/wtztrzebinia.pl\/index.php?rest_route=\/wp\/v2\/users\/1"}],"replies":[{"embeddable":true,"href":"https:\/\/wtztrzebinia.pl\/index.php?rest_route=%2Fwp%2Fv2%2Fcomments&post=164"}],"version-history":[{"count":0,"href":"https:\/\/wtztrzebinia.pl\/index.php?rest_route=\/wp\/v2\/posts\/164\/revisions"}],"wp:attachment":[{"href":"https:\/\/wtztrzebinia.pl\/index.php?rest_route=%2Fwp%2Fv2%2Fmedia&parent=164"}],"wp:term":[{"taxonomy":"category","embeddable":true,"href":"https:\/\/wtztrzebinia.pl\/index.php?rest_route=%2Fwp%2Fv2%2Fcategories&post=164"},{"taxonomy":"post_tag","embeddable":true,"href":"https:\/\/wtztrzebinia.pl\/index.php?rest_route=%2Fwp%2Fv2%2Ftags&post=164"}],"curies":[{"name":"wp","href":"https:\/\/api.w.org\/{rel}","templated":true}]}}