{"id":155,"date":"2013-12-18T12:25:57","date_gmt":"2013-12-18T12:25:57","guid":{"rendered":"https:\/\/wtztrzebinia.pl\/?p=155"},"modified":"2013-12-18T12:25:57","modified_gmt":"2013-12-18T12:25:57","slug":"spotkanie-oplatkowe-12-grudnia-2013r","status":"publish","type":"post","link":"https:\/\/wtztrzebinia.pl\/?p=155","title":{"rendered":"Spotkanie op\u0142atkowe \u2013 12.12.2013r."},"content":{"rendered":"<p>12 grudnia 2013r. o godzinie 10.00 odby\u0142o si\u0119 w naszych trzebi\u0144skich plac\u00f3wkach doroczne uroczyste spotkanie op\u0142atkowe.<\/p>\n<p><!--more--><\/p>\n<p>W spotkaniu tym, jak co roku wzi\u0119li udzia\u0142 uczestnicy Warsztatu i \u015awietlicy Terapeutycznej, ich rodzice i opiekunowie, wolontariusze i zaproszeni go\u015bcie; przedstawiciele samorz\u0105du powiatowego i miejskiego, w\u0142adze statutowe Fundacji im. Brata Alberta, przedstawiciele instytucji wsp\u00f3\u0142pracuj\u0105cych z WTZ oraz przyjaciele z innych fundacyjnych jednostek oraz kap\u0142ani z dekanatu trzebi\u0144skiego. Spotkanie rozpocz\u0119\u0142o si\u0119 Jase\u0142kami w wykonaniu podopiecznych Warsztatu i \u015awietlicy Terapeutycznej. Jak tradycja ka\u017ce by\u0142o Zwiastowanie, Narodzenie Pa\u0144skie, w\u0119dr\u00f3wka trzech kr\u00f3li, dary od pastuszk\u00f3w i wsp\u00f3lne \u015bpiewanie kol\u0119d. Jak co roku, tak\u017ce i tym razem podczas spotkania wr\u0119czono nagrody im. \u015aP. Hr. Stanis\u0142awa Pruszy\u0144skiego za prac\u0119 spo\u0142eczn\u0105 na rzecz os\u00f3b niepe\u0142nosprawnych. W tym roku otrzymali je; Pan Miros\u0142aw Wito\u0144 \u2013 Dw\u00f3r Zieleniewskich w Trzebini oraz Joanna Czechowska \u2013 terapeuta \u015awietlicy Terapeutycznej w Trzebini. \u017byczenia dla wszystkich zebranych z\u0142o\u017cy\u0142 i po\u015bwi\u0119cenia op\u0142atk\u00f3w dokona\u0142 Ksi\u0105dz Proboszcz Stanis\u0142aw Bercal oraz Ksi\u0105dz Tadeusz Isakowicz- Zaleski \u2013 prezes Fundacji im. Brata Alberta. Po uroczystej cz\u0119\u015bci oficjalnej nast\u0105pi\u0142o tradycyjne \u0142amanie si\u0119 op\u0142atkiem, \u017cyczenia \u015bwi\u0105teczne i \u015bwi\u0105teczny pocz\u0119stunek.<\/p>\n<p>Spotkanie zosta\u0142o dofinansowane ze \u015brodk\u00f3w PFRON oraz darowizn rzeczowych od rodzic\u00f3w podopiecznych warsztatu i \u015bwietlicy.<\/p>\n","protected":false},"excerpt":{"rendered":"<p>12 grudnia 2013r. o godzinie 10.00 odby\u0142o si\u0119 w naszych trzebi\u0144skich plac\u00f3wkach doroczne uroczyste spotkanie op\u0142atkowe.<\/p>\n","protected":false},"author":1,"featured_media":0,"comment_status":"open","ping_status":"open","sticky":false,"template":"","format":"standard","meta":{"footnotes":""},"categories":[7],"tags":[],"class_list":["post-155","post","type-post","status-publish","format-standard","hentry","category-aktualnosci"],"_links":{"self":[{"href":"https:\/\/wtztrzebinia.pl\/index.php?rest_route=\/wp\/v2\/posts\/155","targetHints":{"allow":["GET"]}}],"collection":[{"href":"https:\/\/wtztrzebinia.pl\/index.php?rest_route=\/wp\/v2\/posts"}],"about":[{"href":"https:\/\/wtztrzebinia.pl\/index.php?rest_route=\/wp\/v2\/types\/post"}],"author":[{"embeddable":true,"href":"https:\/\/wtztrzebinia.pl\/index.php?rest_route=\/wp\/v2\/users\/1"}],"replies":[{"embeddable":true,"href":"https:\/\/wtztrzebinia.pl\/index.php?rest_route=%2Fwp%2Fv2%2Fcomments&post=155"}],"version-history":[{"count":0,"href":"https:\/\/wtztrzebinia.pl\/index.php?rest_route=\/wp\/v2\/posts\/155\/revisions"}],"wp:attachment":[{"href":"https:\/\/wtztrzebinia.pl\/index.php?rest_route=%2Fwp%2Fv2%2Fmedia&parent=155"}],"wp:term":[{"taxonomy":"category","embeddable":true,"href":"https:\/\/wtztrzebinia.pl\/index.php?rest_route=%2Fwp%2Fv2%2Fcategories&post=155"},{"taxonomy":"post_tag","embeddable":true,"href":"https:\/\/wtztrzebinia.pl\/index.php?rest_route=%2Fwp%2Fv2%2Ftags&post=155"}],"curies":[{"name":"wp","href":"https:\/\/api.w.org\/{rel}","templated":true}]}}