{"id":152,"date":"2013-12-18T12:20:58","date_gmt":"2013-12-18T12:20:58","guid":{"rendered":"https:\/\/wtztrzebinia.pl\/?p=152"},"modified":"2013-12-18T12:20:58","modified_gmt":"2013-12-18T12:20:58","slug":"mityng-plywacki-osob-niepelnosprawnych-w-chrzanowie-23-10-13","status":"publish","type":"post","link":"https:\/\/wtztrzebinia.pl\/?p=152","title":{"rendered":"Mityng P\u0142ywacki Os\u00f3b Niepe\u0142nosprawnych w Chrzanowie  \u2013 23.10.2013"},"content":{"rendered":"<p>Po kolejnym roku intensywnych p\u0142ywackich trening\u00f3w, w dniu 23.10.13 wzi\u0119li\u015bmy udzia\u0142 w Mityngu P\u0142ywackim Os\u00f3b Niepe\u0142nosprawnych w Chrzanowie.<\/p>\n<p><!--more--><\/p>\n<p>Jak co roku konkurs p\u0142ywacki <span>obejmowa\u0142 38 r\u00f3\u017cnych konkurencji pocz\u0105wszy od biegu na 12,5m a sko\u0144czywszy na sztafecie 2x25m.<\/span>Ka\u017cdy z uczestnik\u00f3w bior\u0105cych udzia\u0142 w zawodach m\u00f3g\u0142 wybra\u0107 najlepszy dla siebie dystans. Jak zwykle ka\u017cdy nasz p\u0142ywak walczy\u0142 dzielnie .<\/p>\n<p>Zmagania sportowe zako\u0144czy\u0142y si\u0119 nast\u0119puj\u0105cymi sukcesami; \u0141. Adamczyk \u2013 IV miejsce, Bukowski \u2013 V miejsce, A. Chojnicka \u2013 IV miejsce, M. G\u0119borski \u2013 III miejsce, R. Korczy\u0144ski \u2013 II miejsce, A. Majcherczyk \u2013 IV miejsce, D. Podstolak \u2013 III miejsce, A. Spyt \u2013 I miejsce, T. Tekielak \u2013 III miejsce.<\/p>\n","protected":false},"excerpt":{"rendered":"<p>Po kolejnym roku intensywnych p\u0142ywackich trening\u00f3w, w dniu 23.10.13 wzi\u0119li\u015bmy udzia\u0142 w Mityngu P\u0142ywackim Os\u00f3b Niepe\u0142nosprawnych w Chrzanowie.<\/p>\n","protected":false},"author":1,"featured_media":0,"comment_status":"open","ping_status":"open","sticky":false,"template":"","format":"standard","meta":{"footnotes":""},"categories":[7],"tags":[],"class_list":["post-152","post","type-post","status-publish","format-standard","hentry","category-aktualnosci"],"_links":{"self":[{"href":"https:\/\/wtztrzebinia.pl\/index.php?rest_route=\/wp\/v2\/posts\/152","targetHints":{"allow":["GET"]}}],"collection":[{"href":"https:\/\/wtztrzebinia.pl\/index.php?rest_route=\/wp\/v2\/posts"}],"about":[{"href":"https:\/\/wtztrzebinia.pl\/index.php?rest_route=\/wp\/v2\/types\/post"}],"author":[{"embeddable":true,"href":"https:\/\/wtztrzebinia.pl\/index.php?rest_route=\/wp\/v2\/users\/1"}],"replies":[{"embeddable":true,"href":"https:\/\/wtztrzebinia.pl\/index.php?rest_route=%2Fwp%2Fv2%2Fcomments&post=152"}],"version-history":[{"count":0,"href":"https:\/\/wtztrzebinia.pl\/index.php?rest_route=\/wp\/v2\/posts\/152\/revisions"}],"wp:attachment":[{"href":"https:\/\/wtztrzebinia.pl\/index.php?rest_route=%2Fwp%2Fv2%2Fmedia&parent=152"}],"wp:term":[{"taxonomy":"category","embeddable":true,"href":"https:\/\/wtztrzebinia.pl\/index.php?rest_route=%2Fwp%2Fv2%2Fcategories&post=152"},{"taxonomy":"post_tag","embeddable":true,"href":"https:\/\/wtztrzebinia.pl\/index.php?rest_route=%2Fwp%2Fv2%2Ftags&post=152"}],"curies":[{"name":"wp","href":"https:\/\/api.w.org\/{rel}","templated":true}]}}