{"id":149,"date":"2013-12-05T08:14:18","date_gmt":"2013-12-05T08:14:18","guid":{"rendered":"https:\/\/wtztrzebinia.pl\/?p=149"},"modified":"2013-12-05T08:14:18","modified_gmt":"2013-12-05T08:14:18","slug":"kalendarz-fundacji-im-brata-alberta-unikalne-dzielo-fotograficzne","status":"publish","type":"post","link":"https:\/\/wtztrzebinia.pl\/?p=149","title":{"rendered":"Kalendarz Fundacji im. Brata Alberta &#8211; unikalne dzie\u0142o fotograficzne"},"content":{"rendered":"<p style=\"line-height: normal;\"><span style=\"font-size: 12pt; font-family: 'Times New Roman','serif';\">Zach\u0119camy wszystkich Czytelnik\u00f3w i Internaut\u00f3w do zapoznanie si\u0119 z najnowszym kalendarzem Fundacji im. Brata Alberta, kt\u00f3ry rozprowadzany jest jako &#8222;cegie\u0142ka&#8221; na remonty i rozbudow\u0119 plac\u00f3wek dla os\u00f3b niepe\u0142nosprawnych intelektualnie.<\/span><\/p>\n<p><img loading=\"lazy\" decoding=\"async\" class=\" size-full wp-image-148\" style=\"width: 550px; height: auto;\" src=\"https:\/\/wtztrzebinia.pl\/wp-content\/uploads\/2013\/12\/KALENDARZ_1str.jpg\" alt=\"\" border=\"0\" width=\"1503\" height=\"2000\" srcset=\"https:\/\/wtztrzebinia.pl\/wp-content\/uploads\/2013\/12\/KALENDARZ_1str.jpg 1503w, https:\/\/wtztrzebinia.pl\/wp-content\/uploads\/2013\/12\/KALENDARZ_1str-225x300.jpg 225w, https:\/\/wtztrzebinia.pl\/wp-content\/uploads\/2013\/12\/KALENDARZ_1str-770x1024.jpg 770w, https:\/\/wtztrzebinia.pl\/wp-content\/uploads\/2013\/12\/KALENDARZ_1str-768x1022.jpg 768w, https:\/\/wtztrzebinia.pl\/wp-content\/uploads\/2013\/12\/KALENDARZ_1str-1154x1536.jpg 1154w\" sizes=\"auto, (max-width: 1503px) 100vw, 1503px\" \/><\/p>\n<p><!--more--><\/p>\n<p style=\"line-height: normal;\"><span style=\"font-size: 12pt; font-family: 'Times New Roman','serif';\">Zawiera on zdj\u0119cia ks. kard. Franciszka Macharskiego i dwunastu znanych os\u00f3b, b\u0119d\u0105cych Damami i Kawalerami Medalu \u015bw. Brata Alberta (do ich grona nale\u017cy m.in Anna Dymna, siostry Radwa\u0144skie, Ma\u0142gorzata Ko\u017cuchowska, Emilian Kami\u0144ski, Ewelina Flinta). Wszyscy oni w ramach swojej pracy spo\u0142ecznej wykonali zdj\u0119cia na poszczeg\u00f3lne miesi\u0105ce, pozuj\u0105c do nich wraz z osobami niepe\u0142nosprawnymi intelektualnie. Spo\u0142ecznie swoj\u0105 prac\u0119 wykonali r\u00f3wnie\u017c fotograficy Miros\u0142aw i Katarzyna Mrozowie oraz wszystkie osoby, kt\u00f3re zatroszczy\u0142y si\u0119 o kostiumy, charakteryzacj\u0119 i wiele innych spraw organizacyjnych. <\/span><\/p>\n<p style=\"line-height: normal;\"><span style=\"font-size: 12pt; font-family: 'Times New Roman','serif';\">&nbsp;Kalendarz rozprowadzany b\u0119dzie na spotkaniach wigilijnych i noworocznych, kiermaszach \u015bwi\u0105tecznych organizowanych przez Fundacj\u0119, a tak\u017ce w siedzibie &nbsp;Zarz\u0105du Fundacji w Radwanowicach. <\/span><\/p>\n<p style=\"line-height: normal;\"><span style=\"font-size: 12pt; font-family: 'Times New Roman','serif';\">Wszystkie osoby, kt\u00f3re chcia\u0142yby si\u0119 w\u0142\u0105czy\u0107 do tej akcji charytatywnej s\u0105 mile widziane. <\/span><\/p>\n<p><span style=\"font-size: 12pt; line-height: 115%; font-family: 'Times New Roman','serif';\">Zapraszamy do zakupu!<\/span><\/p>\n","protected":false},"excerpt":{"rendered":"<p>Zach\u0119camy wszystkich Czytelnik\u00f3w i Internaut\u00f3w do zapoznanie si\u0119 z najnowszym kalendarzem Fundacji im. Brata Alberta, kt\u00f3ry rozprowadzany jest jako &#8222;cegie\u0142ka&#8221; na remonty i rozbudow\u0119 plac\u00f3wek dla os\u00f3b niepe\u0142nosprawnych intelektualnie.<\/p>\n","protected":false},"author":1,"featured_media":148,"comment_status":"open","ping_status":"open","sticky":false,"template":"","format":"standard","meta":{"footnotes":""},"categories":[7],"tags":[],"class_list":["post-149","post","type-post","status-publish","format-standard","has-post-thumbnail","hentry","category-aktualnosci"],"_links":{"self":[{"href":"https:\/\/wtztrzebinia.pl\/index.php?rest_route=\/wp\/v2\/posts\/149","targetHints":{"allow":["GET"]}}],"collection":[{"href":"https:\/\/wtztrzebinia.pl\/index.php?rest_route=\/wp\/v2\/posts"}],"about":[{"href":"https:\/\/wtztrzebinia.pl\/index.php?rest_route=\/wp\/v2\/types\/post"}],"author":[{"embeddable":true,"href":"https:\/\/wtztrzebinia.pl\/index.php?rest_route=\/wp\/v2\/users\/1"}],"replies":[{"embeddable":true,"href":"https:\/\/wtztrzebinia.pl\/index.php?rest_route=%2Fwp%2Fv2%2Fcomments&post=149"}],"version-history":[{"count":0,"href":"https:\/\/wtztrzebinia.pl\/index.php?rest_route=\/wp\/v2\/posts\/149\/revisions"}],"wp:featuredmedia":[{"embeddable":true,"href":"https:\/\/wtztrzebinia.pl\/index.php?rest_route=\/wp\/v2\/media\/148"}],"wp:attachment":[{"href":"https:\/\/wtztrzebinia.pl\/index.php?rest_route=%2Fwp%2Fv2%2Fmedia&parent=149"}],"wp:term":[{"taxonomy":"category","embeddable":true,"href":"https:\/\/wtztrzebinia.pl\/index.php?rest_route=%2Fwp%2Fv2%2Fcategories&post=149"},{"taxonomy":"post_tag","embeddable":true,"href":"https:\/\/wtztrzebinia.pl\/index.php?rest_route=%2Fwp%2Fv2%2Ftags&post=149"}],"curies":[{"name":"wp","href":"https:\/\/api.w.org\/{rel}","templated":true}]}}