{"id":147,"date":"2013-09-27T12:53:50","date_gmt":"2013-09-27T12:53:50","guid":{"rendered":"https:\/\/wtztrzebinia.pl\/?p=147"},"modified":"2013-09-27T12:53:50","modified_gmt":"2013-09-27T12:53:50","slug":"projekt-cos-z-niczego-24-09-2013","status":"publish","type":"post","link":"https:\/\/wtztrzebinia.pl\/?p=147","title":{"rendered":"Projekt \u201eCo\u015b z niczego\u201d \u2013 24.09.2013"},"content":{"rendered":"<p style=\"margin-bottom: 0.0001pt; line-height: normal;\">W ramach wsp\u00f3\u0142pracy z naszymi fundacyjnymi plac\u00f3wkami w Chrzanowie i Libi\u0105\u017cu zorganizowali\u015bmy cykl zaj\u0119\u0107 r\u0119kodzielniczych pod nazw\u0105 <span>\u201eCo\u015b z niczego\u201d czyli pomys\u0142owe warsztaty r\u0119kodzielnicze <\/span>dla niepe\u0142nosprawnych mieszka\u0144c\u00f3w powiatu chrzanowskiego.<\/p>\n<p><!--more--><\/p>\n<p style=\"margin-bottom: 0.0001pt; line-height: normal;\">W ramach tego zadania, kt\u00f3re dofinansowane zosta\u0142o ze \u015brodk\u00f3w PFRON zorganizowano sze\u015b\u0107 warsztat\u00f3w;<\/p>\n<p style=\"margin-bottom: 0.0001pt; text-align: justify; line-height: normal;\"><span> \u201eKolorowy \u015awiat Witra\u017cu\u201d; \u201eKompozycje kwiatowe\u201d \u2013 warsztaty florystyczne; \u201eZakr\u0119cone karteczki\u201d \u2013 warsztaty z wykorzystaniem techniki \u2013 quilling; \u201eWycinanki, wyt\u0142aczanki\u201d \u2013 warsztaty z wykorzystaniem maszynki Sizzix Big Shot; \u201ePrzetwory<span>\u201d<\/span> \u2013 warsztaty z upcyclingu oraz \u201eA\u017c wi\u00f3ry polec\u0105\u201d- warsztaty z u\u017cyciem wi\u00f3r\u00f3w drewna osikowego. Warsztaty odbywa\u0142y si\u0119 w siedzibach poszczeg\u00f3lnych plac\u00f3wek fundacyjnych dzia\u0142aj\u0105cych w powiecie chrzanowskim i by\u0142y okazj\u0105 do poznania nowych i ciekawych technik r\u0119kodzie\u0142a oraz \u015bwietna okazj\u0105 do wsp\u00f3lnej zabawy i integracji. <\/span><\/p>\n<p style=\"margin-bottom: 0.0001pt; text-align: justify; line-height: normal;\"><span>W ramach projektu \u201eCo\u015b z niczego\u201d w naszych trzebi\u0144skich WTZ-tach w dn. 24.09.13 odby\u0142y si\u0119 zaj\u0119cia z upcyklingu, kt\u00f3rego definicja m\u00f3wi, \u017ce jest to <\/span>forma przetwarzania wt\u00f3rnego odpad\u00f3w, w wyniku kt\u00f3rego powstaj\u0105 produkty o warto\u015bci wy\u017cszej ni\u017c przetwarzane surowce. Kr\u00f3tko m\u00f3wi\u0105c ze \u015bmieci; plastikowych butelek i starych podkoszulk\u00f3w, pod okiem pa\u0144 instruktorek Barbary Kipek i Renaty Sosin podopieczni robili przedmioty dekoracyjne i bi\u017cuteri\u0119. Uczestnicy warsztat\u00f3w podeszli do zaj\u0119\u0107 pocz\u0105tkowo sceptycznie ale na koniec okaza\u0142o si\u0119, \u017ce \u201ePrzetwory\u201d jak nazwali\u015bmy te zaj\u0119cia z upcyklingu wyzwoli\u0142y u wszystkich morze kreatywno\u015bci i ocean rado\u015bci podczas gdy w s\u0105siednich pracowniach warsztatowych, w pocie czo\u0142a i z wielkim zaanga\u017cowaniem, pozosta\u0142e grupy uczestnik\u00f3w wykonywa\u0142y z wi\u00f3r\u00f3w drewna osikowego przecudne rzeczy; bukiety kwiat\u00f3w, anio\u0142ki, bombki i gwiazdki. Zaj\u0119cia prowadzili profesjonali\u015bci z firmy \u201eOsikowa Dolina\u201d, kt\u00f3rzy w jasny i mi\u0142y spos\u00f3b przybli\u017cali wszystkim histori\u0119, technik\u0119 pracy i spos\u00f3b wykonywania niepowtarzalnych ozd\u00f3b z drewna osikowego. Dodatkowo zaprezentowali nam r\u00f3\u017cne sposoby wykorzystania tego przedziwnego surowca oraz pokazali ma\u0142e, du\u017ce i wielkie pomys\u0142y na wykorzystanie wi\u00f3r\u00f3w. Wszystkich zainteresowanych odsy\u0142amy do naszej galerii i na stron\u0119 <a href=\"http:\/\/www.osikowadolina.pl\">www.osikowadolina.pl<\/a><\/p>\n","protected":false},"excerpt":{"rendered":"<p>W ramach wsp\u00f3\u0142pracy z naszymi fundacyjnymi plac\u00f3wkami w Chrzanowie i Libi\u0105\u017cu zorganizowali\u015bmy cykl zaj\u0119\u0107 r\u0119kodzielniczych pod nazw\u0105 \u201eCo\u015b z niczego\u201d czyli pomys\u0142owe warsztaty r\u0119kodzielnicze dla niepe\u0142nosprawnych mieszka\u0144c\u00f3w powiatu chrzanowskiego.<\/p>\n","protected":false},"author":1,"featured_media":0,"comment_status":"open","ping_status":"open","sticky":false,"template":"","format":"standard","meta":{"footnotes":""},"categories":[7],"tags":[],"class_list":["post-147","post","type-post","status-publish","format-standard","hentry","category-aktualnosci"],"_links":{"self":[{"href":"https:\/\/wtztrzebinia.pl\/index.php?rest_route=\/wp\/v2\/posts\/147","targetHints":{"allow":["GET"]}}],"collection":[{"href":"https:\/\/wtztrzebinia.pl\/index.php?rest_route=\/wp\/v2\/posts"}],"about":[{"href":"https:\/\/wtztrzebinia.pl\/index.php?rest_route=\/wp\/v2\/types\/post"}],"author":[{"embeddable":true,"href":"https:\/\/wtztrzebinia.pl\/index.php?rest_route=\/wp\/v2\/users\/1"}],"replies":[{"embeddable":true,"href":"https:\/\/wtztrzebinia.pl\/index.php?rest_route=%2Fwp%2Fv2%2Fcomments&post=147"}],"version-history":[{"count":0,"href":"https:\/\/wtztrzebinia.pl\/index.php?rest_route=\/wp\/v2\/posts\/147\/revisions"}],"wp:attachment":[{"href":"https:\/\/wtztrzebinia.pl\/index.php?rest_route=%2Fwp%2Fv2%2Fmedia&parent=147"}],"wp:term":[{"taxonomy":"category","embeddable":true,"href":"https:\/\/wtztrzebinia.pl\/index.php?rest_route=%2Fwp%2Fv2%2Fcategories&post=147"},{"taxonomy":"post_tag","embeddable":true,"href":"https:\/\/wtztrzebinia.pl\/index.php?rest_route=%2Fwp%2Fv2%2Ftags&post=147"}],"curies":[{"name":"wp","href":"https:\/\/api.w.org\/{rel}","templated":true}]}}