{"id":146,"date":"2013-09-27T12:51:22","date_gmt":"2013-09-27T12:51:22","guid":{"rendered":"https:\/\/wtztrzebinia.pl\/?p=146"},"modified":"2013-09-27T12:51:22","modified_gmt":"2013-09-27T12:51:22","slug":"prezent-od-holenderskich-przyjaciol-05-09-13","status":"publish","type":"post","link":"https:\/\/wtztrzebinia.pl\/?p=146","title":{"rendered":"Prezent od holenderskich przyjaci\u00f3\u0142 \u2013 05.09.2013"},"content":{"rendered":"<p>W pierwszym tygodniu naszej warsztatowej pracy &#8211; zaraz po urlopie odwiedzili nas nasi Przyjaciele z Holandii. Przedstawiciele Fundacji Pomocy Dzieciom \u2013 Stichting Kinderhulp Polen z Helmond; Jos van Lieshout i Justyna Fic.<\/p>\n<p><!--more--><\/p>\n<p>Ich przyjazd by\u0142 dla wszystkich uczestnik\u00f3w du\u017c\u0105 niespodziank\u0105. Niespodzianka ta okaza\u0142a si\u0119 jeszcze wi\u0119ksz\u0105 wtedy kiedy go\u015bcie przekazali na rzecz Warsztatu aparat do pieczenia wafli (na kt\u00f3ry otrzymali\u015bmy bon prezentowy 25.01.2012r. podczas spotkania podsumowuj\u0105cego wsp\u00f3lny projekt \u201eMost do przysz\u0142o\u015bci\u201d). Opr\u00f3cz aparatu do wafli otrzymali\u015bmy mn\u00f3stwo dodatkowych sprz\u0119t\u00f3w, kt\u00f3re potrzebne s\u0105 do pieczenia; podstaw\u0119 do ci\u0119cia wafli, no\u017ce, garnek, p\u0142yt\u0119 indukcyjn\u0105 oraz co najwa\u017cniejsze wszystkie sk\u0142adniki potrzebne do przygotowania ciasta. W dow\u00f3d wdzi\u0119czno\u015bci go\u015bcie dostali od naszych uczestnik\u00f3w pami\u0105tkowy kola\u017c oraz album ze zdj\u0119ciami z projektu i prace ceramiczne wykonane podczas zaj\u0119\u0107 warsztatowych. Dzi\u0119kujemy im za to, \u017ce konsekwentnie spe\u0142nili swoje obietnice i obiecujemy, \u017ce zaraz zrobimy z ich podarunku po\u017cytek! Zapraszamy na trzebi\u0144skie wafle z karmelem!<\/p>\n","protected":false},"excerpt":{"rendered":"<p>W pierwszym tygodniu naszej warsztatowej pracy &#8211; zaraz po urlopie odwiedzili nas nasi Przyjaciele z Holandii. Przedstawiciele Fundacji Pomocy Dzieciom \u2013 Stichting Kinderhulp Polen z Helmond; Jos van Lieshout i Justyna Fic.<\/p>\n","protected":false},"author":1,"featured_media":0,"comment_status":"open","ping_status":"open","sticky":false,"template":"","format":"standard","meta":{"footnotes":""},"categories":[7],"tags":[],"class_list":["post-146","post","type-post","status-publish","format-standard","hentry","category-aktualnosci"],"_links":{"self":[{"href":"https:\/\/wtztrzebinia.pl\/index.php?rest_route=\/wp\/v2\/posts\/146","targetHints":{"allow":["GET"]}}],"collection":[{"href":"https:\/\/wtztrzebinia.pl\/index.php?rest_route=\/wp\/v2\/posts"}],"about":[{"href":"https:\/\/wtztrzebinia.pl\/index.php?rest_route=\/wp\/v2\/types\/post"}],"author":[{"embeddable":true,"href":"https:\/\/wtztrzebinia.pl\/index.php?rest_route=\/wp\/v2\/users\/1"}],"replies":[{"embeddable":true,"href":"https:\/\/wtztrzebinia.pl\/index.php?rest_route=%2Fwp%2Fv2%2Fcomments&post=146"}],"version-history":[{"count":0,"href":"https:\/\/wtztrzebinia.pl\/index.php?rest_route=\/wp\/v2\/posts\/146\/revisions"}],"wp:attachment":[{"href":"https:\/\/wtztrzebinia.pl\/index.php?rest_route=%2Fwp%2Fv2%2Fmedia&parent=146"}],"wp:term":[{"taxonomy":"category","embeddable":true,"href":"https:\/\/wtztrzebinia.pl\/index.php?rest_route=%2Fwp%2Fv2%2Fcategories&post=146"},{"taxonomy":"post_tag","embeddable":true,"href":"https:\/\/wtztrzebinia.pl\/index.php?rest_route=%2Fwp%2Fv2%2Ftags&post=146"}],"curies":[{"name":"wp","href":"https:\/\/api.w.org\/{rel}","templated":true}]}}