{"id":145,"date":"2013-09-27T12:50:04","date_gmt":"2013-09-27T12:50:04","guid":{"rendered":"https:\/\/wtztrzebinia.pl\/?p=145"},"modified":"2013-09-27T12:50:04","modified_gmt":"2013-09-27T12:50:04","slug":"oboz-harcerski-w-wiciu-02-07-14-08-2013","status":"publish","type":"post","link":"https:\/\/wtztrzebinia.pl\/?p=145","title":{"rendered":"Ob\u00f3z harcerski w Wiciu \u2013 02.07-14.07.2013"},"content":{"rendered":"<p>Pierwsze dwa tygodnie lipca cz\u0119\u015b\u0107 naszej warsztatowej dru\u017cyny harcerskiej \u201eZo\u015bka\u201d przebywa\u0142a na obozie harcerskim w Wiciu k\/ Dar\u0142owa.<\/p>\n<p><!--more--><\/p>\n<p>Pogoda dopisa\u0142a naszym harcerzom wyj\u0105tkowo. Opr\u00f3cz pe\u0142nienia wart, s\u0142u\u017cby w kuchni, zaj\u0119\u0107 z pionierki czyli codziennego obozowego \u017cycia harcerze mieli okazje zwiedzi\u0107 Ustk\u0119, Dar\u0142owo, bawi\u0107 si\u0119 na dyskotekach, festiwalu piosenki harcerskiej i przede wszystkim odpoczywa\u0107 na pla\u017cy s\u0142uchaj\u0105c szumu fal i buduj\u0105c fantastyczne zamki z piasku. Migawki z obozowego \u017cycia do obejrzenia w galerii.<\/p>\n","protected":false},"excerpt":{"rendered":"<p>Pierwsze dwa tygodnie lipca cz\u0119\u015b\u0107 naszej warsztatowej dru\u017cyny harcerskiej \u201eZo\u015bka\u201d przebywa\u0142a na obozie harcerskim w Wiciu k\/ Dar\u0142owa.<\/p>\n","protected":false},"author":1,"featured_media":0,"comment_status":"open","ping_status":"open","sticky":false,"template":"","format":"standard","meta":{"footnotes":""},"categories":[7],"tags":[],"class_list":["post-145","post","type-post","status-publish","format-standard","hentry","category-aktualnosci"],"_links":{"self":[{"href":"https:\/\/wtztrzebinia.pl\/index.php?rest_route=\/wp\/v2\/posts\/145","targetHints":{"allow":["GET"]}}],"collection":[{"href":"https:\/\/wtztrzebinia.pl\/index.php?rest_route=\/wp\/v2\/posts"}],"about":[{"href":"https:\/\/wtztrzebinia.pl\/index.php?rest_route=\/wp\/v2\/types\/post"}],"author":[{"embeddable":true,"href":"https:\/\/wtztrzebinia.pl\/index.php?rest_route=\/wp\/v2\/users\/1"}],"replies":[{"embeddable":true,"href":"https:\/\/wtztrzebinia.pl\/index.php?rest_route=%2Fwp%2Fv2%2Fcomments&post=145"}],"version-history":[{"count":0,"href":"https:\/\/wtztrzebinia.pl\/index.php?rest_route=\/wp\/v2\/posts\/145\/revisions"}],"wp:attachment":[{"href":"https:\/\/wtztrzebinia.pl\/index.php?rest_route=%2Fwp%2Fv2%2Fmedia&parent=145"}],"wp:term":[{"taxonomy":"category","embeddable":true,"href":"https:\/\/wtztrzebinia.pl\/index.php?rest_route=%2Fwp%2Fv2%2Fcategories&post=145"},{"taxonomy":"post_tag","embeddable":true,"href":"https:\/\/wtztrzebinia.pl\/index.php?rest_route=%2Fwp%2Fv2%2Ftags&post=145"}],"curies":[{"name":"wp","href":"https:\/\/api.w.org\/{rel}","templated":true}]}}