{"id":144,"date":"2013-09-27T12:49:23","date_gmt":"2013-09-27T12:49:23","guid":{"rendered":"https:\/\/wtztrzebinia.pl\/?p=144"},"modified":"2013-09-27T12:49:23","modified_gmt":"2013-09-27T12:49:23","slug":"uroczyste-zakonczenie-projektu-akademii-zycia-28-06-13","status":"publish","type":"post","link":"https:\/\/wtztrzebinia.pl\/?p=144","title":{"rendered":"Uroczyste zako\u0144czenie projektu \u201eAkademii \u017bycia\u201d \u2013 28.06.13"},"content":{"rendered":"<p>W okresie od 02.04.13 do 30.09.13 wszyscy uczestnicy naszych Warsztat\u00f3w brali udzia\u0142 w cyklu zaj\u0119\u0107 dodatkowych w ramach zadania publicznego \u201eAkademia \u017cycia 2013\u201d \u2013 dofinansowanego przez Urz\u0105d Miasta w Trzebini w ramach \u201eMa\u0142ej Dotacji\u201d.<\/p>\n<p><!--more--><\/p>\n<p>Podczas realizacji tego zadania uczestnicy mogli pozna\u0107 zasady savoir-vivre w \u017cyciu codziennym, korzysta\u0107 z zaj\u0119\u0107 komputerowych, dowiedzie\u0107 si\u0119 jak zachowa\u0107 zasady bezpiecze\u0144stwa w \u017cyciu codziennym, potrenowa\u0107 korzystanie ze \u015brodk\u00f3w komunikacji miejskiej i podmiejskiej, odwiedzi\u0107 Krak\u00f3w i jego zabytki i prze\u017cy\u0107 wiele innych fajnych wydarze\u0144. Zako\u0144czenie projektu mia\u0142o uroczysty i bardzo sympatyczny charakter. Ka\u017cdy z absolwent\u00f3w tegorocznej edycji \u201eAkademii \u017cycia\u201d otrzyma\u0142 pami\u0105tkowy dyplom i co\u015b pysznego.<\/p>\n","protected":false},"excerpt":{"rendered":"<p>W okresie od 02.04.13 do 30.09.13 wszyscy uczestnicy naszych Warsztat\u00f3w brali udzia\u0142 w cyklu zaj\u0119\u0107 dodatkowych w ramach zadania publicznego \u201eAkademia \u017cycia 2013\u201d \u2013 dofinansowanego przez Urz\u0105d Miasta w Trzebini w ramach \u201eMa\u0142ej Dotacji\u201d.<\/p>\n","protected":false},"author":1,"featured_media":0,"comment_status":"open","ping_status":"open","sticky":false,"template":"","format":"standard","meta":{"footnotes":""},"categories":[7],"tags":[],"class_list":["post-144","post","type-post","status-publish","format-standard","hentry","category-aktualnosci"],"_links":{"self":[{"href":"https:\/\/wtztrzebinia.pl\/index.php?rest_route=\/wp\/v2\/posts\/144","targetHints":{"allow":["GET"]}}],"collection":[{"href":"https:\/\/wtztrzebinia.pl\/index.php?rest_route=\/wp\/v2\/posts"}],"about":[{"href":"https:\/\/wtztrzebinia.pl\/index.php?rest_route=\/wp\/v2\/types\/post"}],"author":[{"embeddable":true,"href":"https:\/\/wtztrzebinia.pl\/index.php?rest_route=\/wp\/v2\/users\/1"}],"replies":[{"embeddable":true,"href":"https:\/\/wtztrzebinia.pl\/index.php?rest_route=%2Fwp%2Fv2%2Fcomments&post=144"}],"version-history":[{"count":0,"href":"https:\/\/wtztrzebinia.pl\/index.php?rest_route=\/wp\/v2\/posts\/144\/revisions"}],"wp:attachment":[{"href":"https:\/\/wtztrzebinia.pl\/index.php?rest_route=%2Fwp%2Fv2%2Fmedia&parent=144"}],"wp:term":[{"taxonomy":"category","embeddable":true,"href":"https:\/\/wtztrzebinia.pl\/index.php?rest_route=%2Fwp%2Fv2%2Fcategories&post=144"},{"taxonomy":"post_tag","embeddable":true,"href":"https:\/\/wtztrzebinia.pl\/index.php?rest_route=%2Fwp%2Fv2%2Ftags&post=144"}],"curies":[{"name":"wp","href":"https:\/\/api.w.org\/{rel}","templated":true}]}}