{"id":141,"date":"2013-09-27T12:47:12","date_gmt":"2013-09-27T12:47:12","guid":{"rendered":"https:\/\/wtztrzebinia.pl\/?p=141"},"modified":"2013-09-27T12:47:12","modified_gmt":"2013-09-27T12:47:12","slug":"rejs-barka-po-wisle-29-05-2013","status":"publish","type":"post","link":"https:\/\/wtztrzebinia.pl\/?p=141","title":{"rendered":"Rejs bark\u0105 po Wi\u015ble \u2013 29.05.2013"},"content":{"rendered":"<p>W ramach obchod\u00f3w Tygodnia Os\u00f3b Niepe\u0142nosprawnych \u201eKocham Krak\u00f3w z wzajemno\u015bci\u0105\u201d mieli\u015bmy okazje odby\u0107 cudny, relaksuj\u0105cy rejs barka po Wi\u015ble. W tym celu pojechali\u015bmy 29.05.13 poci\u0105giem do Krakowa, przespacerowali\u015bmy si\u0119 w pi\u0119kny s\u0142oneczny dzie\u0144 Traktem Kr\u00f3lewskim i pop\u0142yn\u0119li\u015bmy barka na Salwator i z powrotem. Pogoda dopisa\u0142a, humory te\u017c, czeg\u00f3\u017c chcie\u0107 wi\u0119cej u progu lata?<\/p>\n","protected":false},"excerpt":{"rendered":"<p>W ramach obchod\u00f3w Tygodnia Os\u00f3b Niepe\u0142nosprawnych \u201eKocham Krak\u00f3w z wzajemno\u015bci\u0105\u201d mieli\u015bmy okazje odby\u0107 cudny, relaksuj\u0105cy rejs barka po Wi\u015ble. W tym celu pojechali\u015bmy 29.05.13 poci\u0105giem do Krakowa, przespacerowali\u015bmy si\u0119 w pi\u0119kny s\u0142oneczny dzie\u0144 Traktem Kr\u00f3lewskim i pop\u0142yn\u0119li\u015bmy barka na Salwator i z powrotem. Pogoda dopisa\u0142a, humory te\u017c, czeg\u00f3\u017c chcie\u0107 wi\u0119cej u progu lata?<\/p>\n","protected":false},"author":1,"featured_media":0,"comment_status":"open","ping_status":"open","sticky":false,"template":"","format":"standard","meta":{"footnotes":""},"categories":[7],"tags":[],"class_list":["post-141","post","type-post","status-publish","format-standard","hentry","category-aktualnosci"],"_links":{"self":[{"href":"https:\/\/wtztrzebinia.pl\/index.php?rest_route=\/wp\/v2\/posts\/141","targetHints":{"allow":["GET"]}}],"collection":[{"href":"https:\/\/wtztrzebinia.pl\/index.php?rest_route=\/wp\/v2\/posts"}],"about":[{"href":"https:\/\/wtztrzebinia.pl\/index.php?rest_route=\/wp\/v2\/types\/post"}],"author":[{"embeddable":true,"href":"https:\/\/wtztrzebinia.pl\/index.php?rest_route=\/wp\/v2\/users\/1"}],"replies":[{"embeddable":true,"href":"https:\/\/wtztrzebinia.pl\/index.php?rest_route=%2Fwp%2Fv2%2Fcomments&post=141"}],"version-history":[{"count":0,"href":"https:\/\/wtztrzebinia.pl\/index.php?rest_route=\/wp\/v2\/posts\/141\/revisions"}],"wp:attachment":[{"href":"https:\/\/wtztrzebinia.pl\/index.php?rest_route=%2Fwp%2Fv2%2Fmedia&parent=141"}],"wp:term":[{"taxonomy":"category","embeddable":true,"href":"https:\/\/wtztrzebinia.pl\/index.php?rest_route=%2Fwp%2Fv2%2Fcategories&post=141"},{"taxonomy":"post_tag","embeddable":true,"href":"https:\/\/wtztrzebinia.pl\/index.php?rest_route=%2Fwp%2Fv2%2Ftags&post=141"}],"curies":[{"name":"wp","href":"https:\/\/api.w.org\/{rel}","templated":true}]}}