{"id":140,"date":"2013-06-27T11:27:58","date_gmt":"2013-06-27T11:27:58","guid":{"rendered":"https:\/\/wtztrzebinia.pl\/?p=140"},"modified":"2013-06-27T11:27:58","modified_gmt":"2013-06-27T11:27:58","slug":"wyjatkowy-dzien-patrona-trzebinia-26-czerwca-2013r","status":"publish","type":"post","link":"https:\/\/wtztrzebinia.pl\/?p=140","title":{"rendered":"Wyj\u0105tkowy Dzie\u0144 Patrona &#8211; Trzebinia \u2013 26 czerwca 2013r."},"content":{"rendered":"<p>Jak co roku w czerwcu Fundacja im. Brata Alberta \u015bwi\u0119tuje w swoich licznych plac\u00f3wkach dni Patrona czyli \u015aw. Brata Alberta. Tym razem w Trzebini odby\u0142a si\u0119 uroczysto\u015b\u0107 podw\u00f3jna.<br \/>\n<!--more--><br \/>\nPodczas tegorocznych obchod\u00f3w fundacyjnego \u015bwi\u0119ta w Trzebi\u0144skich Warsztatach Terapii Zaj\u0119ciowej odby\u0142a si\u0119 wyj\u0105tkowa uroczysto\u015b\u0107. JE Ksi\u0105dz Biskup Damian Muskus po\u015bwi\u0119ci\u0142 pami\u0105tkow\u0105 tablic\u0119 informuj\u0105ca o nadaniu WTZ w Trzebini imienia Ksi\u0119dza Pra\u0142ata Stanis\u0142awa Ga\u0142uszki. W tej wzruszaj\u0105cej uroczysto\u015bci wzi\u0119li udzia\u0142 tak\u017ce cz\u0142onkowie rodziny \u015bp. Ks. S. Ga\u0142uszki; Jan Ga\u0142uszka \u2013 brat, Anna Ga\u0142uszka &#8211; bratanica, liczne duchowie\u0144stwo; Ks. Prezes Tadeusz Zaleski, Ks. Dziekan Stanis\u0142aw Krzysik, Ksi\u0119\u017ca Proboszczowie Ks. Stanis\u0142aw Bercal i Ks. Marek Hajdy\u0142a, przedstawiciele Powiatu Chrzanowskiego, przedstawiciele miasta i gminy Trzebinia, radni powiatowi i gminni, Duszpasterska Rada Parafialna przy Parafii \u015aw. Aposto\u0142\u00f3w Piotra i Paw\u0142a w Trzebini, Naczelnicy wydzia\u0142\u00f3w Urz\u0119du Miasta w Trzebini, dyrektorzy i kierownicy instytucji kultury, zaprzyja\u017anionych szk\u00f3\u0142, Zak\u0142adu Karnego w Trzebini, uczestnicy WTZ, podopieczni \u015awietlicy Terapeutycznej, ich rodzice i opiekunowie, wolontariusze, pracownicy Fundacji i wielu innych znamienitych go\u015bci.<\/p>\n<p>Ta wyj\u0105tkowa uroczysto\u015b\u0107 rozpocz\u0119\u0142a si\u0119 od wsp\u00f3lnej modlitwy zgromadzonych przed budynkiem go\u015bci, po\u015bwi\u0119cenia i ods\u0142oni\u0119cia pami\u0105tkowej tablicy po czym przenios\u0142a si\u0119 do pomieszcze\u0144 warsztatowych. Go\u015bcie mieli okazj\u0119 do zwiedzenia wszystkich pracowni warsztatowych jak i zapoznania si\u0119 z dzia\u0142alno\u015bci\u0105 obu trzebi\u0144skich plac\u00f3wek. Nast\u0119pnie na sali widowiskowej odby\u0142a si\u0119 cz\u0119\u015b\u0107 artystyczna w wykonaniu podopiecznych z WTZ i \u015awietlicy. Harcerze za\u015bpiewali kilka piosenek a dzieciaki ze \u015bwietlicy porwa\u0142y publiczno\u015b\u0107 w rytm najnowszych popularnych przeboj\u00f3w. Wsp\u00f3lne \u015bpiewanie i \u015bwi\u0119towanie uzupe\u0142ni\u0142o zwiedzanie wystawy fotograficznej upami\u0119tniaj\u0105cej \u017cycie i dzia\u0142alno\u015b\u0107 nowego patrona Warsztat\u00f3w Ks. S. Ga\u0142uszki. A na zako\u0144czenie odby\u0142o si\u0119 wsp\u00f3lne piknikowanie w lu\u017anej, przyjacielskiej atmosferze, kt\u00f3re ze wzgl\u0119du na kiepskie warunki pogodowe przeniesione zosta\u0142o do pomieszcze\u0144 warsztatowych. Spotkanie up\u0142yn\u0119\u0142o w przyjacielskiej atmosferze, na wsp\u00f3lnych rozmowach i \u015bpiewaniu piosenek harcerskich.<\/p>\n<p>I tak przy okazji dorocznego \u015bwi\u0119ta Patrona Fundacji \u2013 \u015aw. Brata Alberta &#8211; Warsztaty Terapii Zaj\u0119ciowej w Trzebini zyska\u0142y jeszcze jednego znamienitego Patrona \u2013 Ks. Stanis\u0142awa Ga\u0142uszk\u0119.<\/p>\n","protected":false},"excerpt":{"rendered":"<p>Jak co roku w czerwcu Fundacja im. Brata Alberta \u015bwi\u0119tuje w swoich licznych plac\u00f3wkach dni Patrona czyli \u015aw. Brata Alberta. Tym razem w Trzebini odby\u0142a si\u0119 uroczysto\u015b\u0107 podw\u00f3jna.<\/p>\n","protected":false},"author":1,"featured_media":0,"comment_status":"open","ping_status":"open","sticky":false,"template":"","format":"standard","meta":{"footnotes":""},"categories":[7],"tags":[],"class_list":["post-140","post","type-post","status-publish","format-standard","hentry","category-aktualnosci"],"_links":{"self":[{"href":"https:\/\/wtztrzebinia.pl\/index.php?rest_route=\/wp\/v2\/posts\/140","targetHints":{"allow":["GET"]}}],"collection":[{"href":"https:\/\/wtztrzebinia.pl\/index.php?rest_route=\/wp\/v2\/posts"}],"about":[{"href":"https:\/\/wtztrzebinia.pl\/index.php?rest_route=\/wp\/v2\/types\/post"}],"author":[{"embeddable":true,"href":"https:\/\/wtztrzebinia.pl\/index.php?rest_route=\/wp\/v2\/users\/1"}],"replies":[{"embeddable":true,"href":"https:\/\/wtztrzebinia.pl\/index.php?rest_route=%2Fwp%2Fv2%2Fcomments&post=140"}],"version-history":[{"count":0,"href":"https:\/\/wtztrzebinia.pl\/index.php?rest_route=\/wp\/v2\/posts\/140\/revisions"}],"wp:attachment":[{"href":"https:\/\/wtztrzebinia.pl\/index.php?rest_route=%2Fwp%2Fv2%2Fmedia&parent=140"}],"wp:term":[{"taxonomy":"category","embeddable":true,"href":"https:\/\/wtztrzebinia.pl\/index.php?rest_route=%2Fwp%2Fv2%2Fcategories&post=140"},{"taxonomy":"post_tag","embeddable":true,"href":"https:\/\/wtztrzebinia.pl\/index.php?rest_route=%2Fwp%2Fv2%2Ftags&post=140"}],"curies":[{"name":"wp","href":"https:\/\/api.w.org\/{rel}","templated":true}]}}