{"id":139,"date":"2013-06-11T13:34:29","date_gmt":"2013-06-11T13:34:29","guid":{"rendered":"https:\/\/wtztrzebinia.pl\/?p=139"},"modified":"2013-06-11T13:34:29","modified_gmt":"2013-06-11T13:34:29","slug":"x-ogolnopolski-piknik-muzyczny-osob-niepelnosprawnych-28-05-2013","status":"publish","type":"post","link":"https:\/\/wtztrzebinia.pl\/?p=139","title":{"rendered":"X Og\u00f3lnopolski Piknik Muzyczny Os\u00f3b Niepe\u0142nosprawnych \u2013 28.05.2013"},"content":{"rendered":"<p style=\"margin: 0cm 0cm 0.0001pt;\"><span style=\"font-size: 10pt; font-family: 'Arial','sans-serif'; color: black;\">Kolejny ju\u017c rok w niezbyt sprzyjaj\u0105cej pogodzie ale z u\u015bmiechem na twarzy artyst\u00f3w, w wietrzny i deszczowy majowy wtorek, rozpocz\u0105\u0142 si\u0119 jubileuszowy <b>X<\/b> <strong><span style=\"font-family: 'Arial','sans-serif';\">Og\u00f3lnopolski Piknik Muzyczny Os\u00f3b Niepe\u0142nosprawnych w Trzebini.<br \/>\n<!--more--><br \/>\n<\/span><\/strong>Jak zwykle, czyli po raz dziesi\u0105ty z rz\u0119du, kilkana\u015bcie zespo\u0142\u00f3w muzycznych, tanecznych, wokalnych oraz solist\u00f3w z ca\u0142ej Polski zaprezentowa\u0142o swoje programy artystyczne na scenie polowej przy Warsztatach Terapii Zaj\u0119ciowej w Trzebini. Tym razem r\u00f3wnie\u017c pogoda nas nie rozpieszcza\u0142a. W strugach deszczu, ale ciagle z nadziej\u0105, \u017ce s\u0142o\u0144ce si\u0119 poka\u017ce uroczystego otwarcia Pikniku dokona\u0142&nbsp; Ks. Tadeusz Zaleski &#8211; Prezes Fundacji im. Brata Alberta. Na rozgrzewk\u0119 wyst\u0105pi\u0142 zesp\u00f3\u0142 \u201eThe Best\u201d z brawurowym wykonaniem przeboju \u201e<\/span><em><span style=\"font-size: 10pt; font-family: 'Arial','sans-serif';\">I want to break free\u201d kultowego ju\u017c <\/span><\/em><span style=\"font-size: 10pt; font-family: 'Arial','sans-serif'; color: black;\">zespo\u0142u \u201eQueen\u201d. Zaraz potem rozpocz\u0119\u0142y si\u0119 prezentacje zespo\u0142\u00f3w i solist\u00f3w. Podobnie jak w poprzednich latach spotkanie zgromadzi\u0142o oko\u0142o 300 os\u00f3b niepe\u0142nosprawnych i ich opiekun\u00f3w a na scenie zaprezentowa\u0142a si\u0119 rekordowa liczba zespo\u0142\u00f3w. <\/span><\/p>\n<p style=\"margin: 0cm 0cm 0.0001pt;\"><span style=\"font-size: 10pt; font-family: 'Arial','sans-serif';\">Przed publiczno\u015bci\u0105 wyst\u0105pili: <b>\u201eThe Best\u201d<\/b> \u2013 WTZ w Trzebini; <b>\u201eIskierki\u201d<\/b> &#8211; SOSW Gimnazjum w Chrzanowie; <b>\u201eKolorowe elfy\u201d<\/b> &#8211; SOSW Szko\u0142a Podstawowa w Chrzanowie; <b>\u201eAlberty\u201d<\/b> &#8211; WTZ w Sosnowcu; <b>\u201ePrzebudzeni\u201d<\/b> &#8211; WTZ Stowarzyszenie Otwartych Serc Aktywnych Kobiet w Olkuszu; <b>\u201eArabeska\u201d<\/b> &#8211; WTZ przy ZOZ w Ko\u0144skich; <b>\u201e\u00d3semka Band\u201d<\/b> &#8211; Szko\u0142a Podstawowa nr 8 im. Jana Paw\u0142a II w Trzebini; <b>\u201eOtwarte serca\u201d<\/b> &#8211; Warsztat Terapii Zaj\u0119ciowej w \u0141apanowie; <\/span><\/p>\n<p style=\"margin-bottom: 0.0001pt; line-height: normal;\"><b><span style=\"font-size: 10pt; font-family: 'Arial','sans-serif';\">\u201eZawadiaki\u201d-<\/span><\/b><span style=\"font-size: 10pt; font-family: 'Arial','sans-serif';\"> WTZ w Zawadzie Uszewskiej; <b>\u201eWeso\u0142o mi\u201d<\/b> &#8211; WTZ i \u015awietlica Terapeutyczna w Krakowie; <b>\u201eSarabanda\u201d<\/b> &#8211; Dom Pomocy Spo\u0142ecznej w P\u0142azie; <b>\u201eEmaus\u201d<\/b> &#8211; WTZ Stowarzyszenia Integracji oraz Aktywizacji Zawodowej i Spo\u0142ecznej Os\u00f3b Niepe\u0142nosprawnych w Krakowie; <b>\u201eForest Boys\u201d<\/b> &#8211; WTZ w Przeciszowie; <b>Piotr Nowotarski<\/b> z SOSW ZSZ w Chrzanowie; <b>\u201eWeso\u0142a Kapela\u201d<\/b> &#8211; WTZ w Libi\u0105\u017ca; <b>\u201eLejdis\u201d<\/b> &#8211; WTZ w Jawiszowicach; <b>\u201ePere\u0142ki\u201d-<\/b> WTZ w Chrzanowie; <b>\u201e\u017b\u00f3\u0142ta Ci\u017cemka\u201d-<\/b> WTZ w Che\u0142mku; <b>Tomasz G\u0142uchaczka<\/b> &#8211; \u015awietlica Terapeutyczna w Che\u0142mku; <b>\u201eTalarki\u201d-<\/b> \u015awietlica Terapeutyczna w Trzebini <\/span><\/p>\n<p style=\"margin-bottom: 0.0001pt; line-height: normal;\"><span style=\"font-size: 10pt; font-family: 'Arial','sans-serif'; color: black;\">Profesjonalne jury w sk\u0142adzie, kt\u00f3rego zasiadali; Ma\u0142gorzata Liszka \u2013 muzykoterapeuta oraz Jacek Palka \u2013 choreograf, Tomasz Tekielak \u2013 uczestnik WTZ w Trzebini, jak co roku mia\u0142o twardy orzech do zgryzienia. Tym razem jednak ze wzgl\u0119du na wyj\u0105tkowy jubileusz Jury przyzna\u0142o dwadzie\u015bcia r\u00f3wnorz\u0119dnych wyr\u00f3\u017cnie\u0144. Ka\u017cdy zesp\u00f3\u0142 i ka\u017cdy artysta otrzyma\u0142 wyr\u00f3\u017cnienie za co\u015b bardzo konkretnego. <\/span><span style=\"font-size: 10pt; font-family: 'Arial','sans-serif';\">W przerwie na obrady jury wyst\u0105pili wszyscy, kt\u00f3rzy chcieli zaprezentowa\u0107 si\u0119 na scenie. <\/span><\/p>\n<p style=\"margin-bottom: 0.0001pt; line-height: normal;\"><span style=\"font-size: 10pt; font-family: 'Arial','sans-serif';\">Przed og\u0142oszeniem werdyktu jury<b> <\/b>organizatorzy przygotowali niespodziank\u0119 dla wszystkich uczestnik\u00f3w Pikniku. W dalszym ci\u0105gu z udzia\u0142em ma\u0142ej m\u017cawki odby\u0142 si\u0119 interaktywny pokazu BumBum Rurek. Ka\u017cdy z uczestnik\u00f3w otrzyma\u0142 do r\u0119ki rurk\u0119, kt\u00f3ra okaza\u0142a si\u0119 by\u0107 instrumentem. Wszyscy zebrani pod okiem \u201ebumbum-dyrygenta\u201d zagrali kilka przeboj\u00f3w \u015bwietnie si\u0119 przy tym bawi\u0105c. Po tak \u017cywio\u0142owym pokazie nast\u0105pi\u0142o d\u0142ugo oczekiwane rozdanie wyr\u00f3\u017cnie\u0144 i upomink\u00f3w dla wszystkich artyst\u00f3w. Mo\u017cemy wam zdradzi\u0107, \u017ce w tajemniczych torbach z upominkami znalaz\u0142y si\u0119 zestawy Bum Bum Rurek, s\u0142odycze oraz gad\u017cety promocyjne Powiatu Chrzanowskiego i Miasta i Gminy Trzebinia oraz troch\u0119 innych niespodzianek. Do nagr\u00f3d do\u0142\u0105czone by\u0142y pami\u0105tkowe dyplomy oraz statuetki wykonane w pracowniach warsztatowych w WTZ w Trzebini. <\/span><\/p>\n<p style=\"margin: 0cm 0cm 0.0001pt;\"><span style=\"font-size: 10pt; font-family: 'Arial','sans-serif';\">W tym roku organizacj\u0119 Pikniku dofinansowa\u0142 Pa\u0144stwowy Fundusz rehabilitacji Os\u00f3b Niepe\u0142nosprawnych, Komenda Hufca ZHP w Trzebini oraz projekt POKL \u201eZ pomoc\u0105 rodzinie\u201d. Wsparli nas tak\u017ce nasi przyjaciele; lokalni przedsi\u0119biorcy, rodzice naszych podopiecznych oraz wolontariusze z Zak\u0142adu Karnego w Trzebini.<\/span><\/p>\n","protected":false},"excerpt":{"rendered":"<p>Kolejny ju\u017c rok w niezbyt sprzyjaj\u0105cej pogodzie ale z u\u015bmiechem na twarzy artyst\u00f3w, w wietrzny i deszczowy majowy wtorek, rozpocz\u0105\u0142 si\u0119 jubileuszowy X Og\u00f3lnopolski Piknik Muzyczny Os\u00f3b Niepe\u0142nosprawnych w Trzebini.<\/p>\n","protected":false},"author":1,"featured_media":0,"comment_status":"open","ping_status":"open","sticky":false,"template":"","format":"standard","meta":{"footnotes":""},"categories":[7],"tags":[],"class_list":["post-139","post","type-post","status-publish","format-standard","hentry","category-aktualnosci"],"_links":{"self":[{"href":"https:\/\/wtztrzebinia.pl\/index.php?rest_route=\/wp\/v2\/posts\/139","targetHints":{"allow":["GET"]}}],"collection":[{"href":"https:\/\/wtztrzebinia.pl\/index.php?rest_route=\/wp\/v2\/posts"}],"about":[{"href":"https:\/\/wtztrzebinia.pl\/index.php?rest_route=\/wp\/v2\/types\/post"}],"author":[{"embeddable":true,"href":"https:\/\/wtztrzebinia.pl\/index.php?rest_route=\/wp\/v2\/users\/1"}],"replies":[{"embeddable":true,"href":"https:\/\/wtztrzebinia.pl\/index.php?rest_route=%2Fwp%2Fv2%2Fcomments&post=139"}],"version-history":[{"count":0,"href":"https:\/\/wtztrzebinia.pl\/index.php?rest_route=\/wp\/v2\/posts\/139\/revisions"}],"wp:attachment":[{"href":"https:\/\/wtztrzebinia.pl\/index.php?rest_route=%2Fwp%2Fv2%2Fmedia&parent=139"}],"wp:term":[{"taxonomy":"category","embeddable":true,"href":"https:\/\/wtztrzebinia.pl\/index.php?rest_route=%2Fwp%2Fv2%2Fcategories&post=139"},{"taxonomy":"post_tag","embeddable":true,"href":"https:\/\/wtztrzebinia.pl\/index.php?rest_route=%2Fwp%2Fv2%2Ftags&post=139"}],"curies":[{"name":"wp","href":"https:\/\/api.w.org\/{rel}","templated":true}]}}