{"id":138,"date":"2013-06-11T13:33:43","date_gmt":"2013-06-11T13:33:43","guid":{"rendered":"https:\/\/wtztrzebinia.pl\/?p=138"},"modified":"2013-06-11T13:33:43","modified_gmt":"2013-06-11T13:33:43","slug":"ogolnopolska-pielgrzymka-fba-do-gorki-klasztornej-21-05-23-05-2013","status":"publish","type":"post","link":"https:\/\/wtztrzebinia.pl\/?p=138","title":{"rendered":"Og\u00f3lnopolska Pielgrzymka FBA do G\u00f3rki Klasztornej \u2013 21.05-23.05.2013"},"content":{"rendered":"<p style=\"margin-bottom: 0.0001pt; line-height: normal;\"><span style=\"font-size: 10pt; font-family: 'Arial','sans-serif';\">Wczesnym rankiem 21.05.2013r. wyruszyli\u015bmy prawie ca\u0142ym Warsztatem w d\u0142uga drog\u0119 Szlakiem Piastowskim.<br \/>\n<!--more--><br \/>\nOko\u0142o godziny 13:00 dotarli\u015bmy do Gniezna. W tym kr\u00f3lewskim mie\u015bcie zwanym Koron\u0105 Kr\u00f3lestwa Polskiego, zwiedzili\u015bmy; Bazylika Prymasowska Wniebowzi\u0119cia Naj\u015bwi\u0119tszej Maryi Panny, Wzg\u00f3rze Panie\u0144skie wraz z Rynkiem, Muzeum Pocz\u0105tk\u00f3w Pa\u0144stwa Polskiego, gdzie obejrzeli\u015bmy nasz\u0105 historie w tr\u00f3jwymiarze. Po tylu atrakcjach odpoczywali\u015bmy ju\u017c w o\u015brodku PTTK w \u017bninie. Kolejny dzie\u0144 naszej wycieczki rozpocz\u0105\u0142 si\u0119 modlitewnym spotkaniem integracyjnym \u015brodowiska os\u00f3b niepe\u0142nosprawnych Fundacji im. Brata Alberta w Klasztorze Misjonarzy \u015awi\u0119tej Rodziny w G\u00f3rce Klasztornej ko\u0142o \u0141obie\u017cnicy.<\/span><span style=\"font-size: 10pt; font-family: 'Arial','sans-serif';\"> <\/span><span style=\"font-size: 10pt; font-family: 'Arial','sans-serif';\">W tym dniu odby\u0142y si\u0119 r\u00f3wnie\u017c wyst\u0119py artystyczne \/m.in. uczestnik\u00f3w WTZ \u201eBratanki\u201d z Torunia, Zespo\u0142u Ludowego \u201eRodlanie\u201d\/, pokazy sztuki walk i samoobrony oraz pokazy umiej\u0119tno\u015bci Stra\u017cy Po\u017carnej. Na miejscu zwiedzili\u015bmy skansen maszyn rolniczych, i skorzystali\u015bmy z przeja\u017cd\u017cki konnej. Po Mszy na scenie wyst\u0105pili Marzena i Waldemar Gmi\u0144scy, kt\u00f3rzy w duecie wykonali pie\u015bni religijno \u2013 patriotyczne. Widowisko zosta\u0142o nagrodzone gromkimi brawami. Tego samego dnia udali\u015bmy si\u0119 do Biskupina, gdzie obejrzeli\u015bmy prastar\u0105 osad\u0119 pras\u0142owia\u0144sk\u0105 i osad\u0119 piastowsk\u0105, a w niej pracuj\u0105cych i sprzedaj\u0105cych swe wyroby rogownika i snycerza. Z Biskupina wygoni\u0142a nas straszna ulewa\u2026przemoczeni do suchej nitki mogli\u015bmy za to podziwia\u0107 pi\u0119kn\u0105 t\u0119cze nad naszymi mokrymi g\u0142owami. <\/span><\/p>\n<p style=\"margin-bottom: 0.0001pt; line-height: normal;\"><span style=\"font-size: 10pt; font-family: 'Arial','sans-serif';\">W ostatnim dniu naszej wyprawy udali\u015bmy si\u0119 na Ostr\u00f3w Lednicki, gdzie znajduje si\u0119 stanowisko archeologiczne, od 1969 Muzeum Pierwszych Piast\u00f3w na Lednicy.<\/span><span style=\"font-size: 10pt; font-family: 'Arial','sans-serif';\"> <\/span><span style=\"font-size: 10pt; font-family: 'Arial','sans-serif';\">Kolejnym miejscem, kt\u00f3re zwiedzili\u015bmy by\u0142 oddzia\u0142 Muzeum Pierwszych Piast\u00f3w po\u0142o\u017cony nad brzegiem jeziora Lednica oraz Wielkopolski Park Etnograficzny w Dziekanowicach \u2013 skansen wsi wielkopolskiej. Nasza trasa Szlakiem Piastowskim zako\u0144czy\u0142a si\u0119 w Pobiedziskach \u2013 osadzie z replikami \u015bredniowiecznych machin bojowych i obl\u0119\u017cniczych w naturalnej skali. W skansenie tym ka\u017cdy ch\u0119tny m\u00f3g\u0142 sprawdzi\u0107 swoje si\u0142y w strzelaniu z broni \u015bredniowiecznej. Do dom\u00f3w wr\u00f3cili\u015bmy 23.05.2013 bardzo p\u00f3\u017ano ale w wy\u015bmienitych nastrojach. <\/span><\/p>\n","protected":false},"excerpt":{"rendered":"<p>Wczesnym rankiem 21.05.2013r. wyruszyli\u015bmy prawie ca\u0142ym Warsztatem w d\u0142uga drog\u0119 Szlakiem Piastowskim.<\/p>\n","protected":false},"author":1,"featured_media":0,"comment_status":"open","ping_status":"open","sticky":false,"template":"","format":"standard","meta":{"footnotes":""},"categories":[7],"tags":[],"class_list":["post-138","post","type-post","status-publish","format-standard","hentry","category-aktualnosci"],"_links":{"self":[{"href":"https:\/\/wtztrzebinia.pl\/index.php?rest_route=\/wp\/v2\/posts\/138","targetHints":{"allow":["GET"]}}],"collection":[{"href":"https:\/\/wtztrzebinia.pl\/index.php?rest_route=\/wp\/v2\/posts"}],"about":[{"href":"https:\/\/wtztrzebinia.pl\/index.php?rest_route=\/wp\/v2\/types\/post"}],"author":[{"embeddable":true,"href":"https:\/\/wtztrzebinia.pl\/index.php?rest_route=\/wp\/v2\/users\/1"}],"replies":[{"embeddable":true,"href":"https:\/\/wtztrzebinia.pl\/index.php?rest_route=%2Fwp%2Fv2%2Fcomments&post=138"}],"version-history":[{"count":0,"href":"https:\/\/wtztrzebinia.pl\/index.php?rest_route=\/wp\/v2\/posts\/138\/revisions"}],"wp:attachment":[{"href":"https:\/\/wtztrzebinia.pl\/index.php?rest_route=%2Fwp%2Fv2%2Fmedia&parent=138"}],"wp:term":[{"taxonomy":"category","embeddable":true,"href":"https:\/\/wtztrzebinia.pl\/index.php?rest_route=%2Fwp%2Fv2%2Fcategories&post=138"},{"taxonomy":"post_tag","embeddable":true,"href":"https:\/\/wtztrzebinia.pl\/index.php?rest_route=%2Fwp%2Fv2%2Ftags&post=138"}],"curies":[{"name":"wp","href":"https:\/\/api.w.org\/{rel}","templated":true}]}}