{"id":137,"date":"2013-06-11T13:32:57","date_gmt":"2013-06-11T13:32:57","guid":{"rendered":"https:\/\/wtztrzebinia.pl\/?p=137"},"modified":"2013-06-11T13:32:57","modified_gmt":"2013-06-11T13:32:57","slug":"arlekiny-2013-14-05-2013","status":"publish","type":"post","link":"https:\/\/wtztrzebinia.pl\/?p=137","title":{"rendered":"Arlekiny 2013 \u2013 14.05.2013"},"content":{"rendered":"<p style=\"margin-bottom: 0.0001pt; line-height: normal;\"><span style=\"font-size: 10pt; font-family: 'Arial','sans-serif';\">Jak co roku od pi\u0119ciu ju\u017c lat wystapilismy w Przegl\u0105dzie Artystycznym Os\u00f3b Niepe\u0142nosprawnych \u201eArlekiny-2013\u201d w O\u015bwi\u0119cimiu. Przegl\u0105d odby\u0142 si\u0119 w 14.05.2013 w O\u015bwi\u0119cimskim Centrum Kultury, a zorganizowa\u0142y go Warsztaty Terapii Zaj\u0119ciowej Fundacji im. Brata Alberta w Che\u0142mku. Podczas przegl\u0105du nasz warsztatowy zesp\u00f3\u0142 \u201eThe Best\u201d zaprezentowa\u0142 jeden z najwi\u0119kszych hit\u00f3w zespo\u0142u Queen pt. \u201e I want to break free\u201d, a dzieciaki ze \u015awietlicy wyst\u0105pili w przedstawieniu pt. \u201eNowa telewizja\u201d. Za udzia\u0142 w przegl\u0105dzie wszyscy arty\u015bci dostali nagrody oraz jak zwykle cudne ceramiczne statuetki Arlekina.<\/span><\/p>\n","protected":false},"excerpt":{"rendered":"<p>Jak co roku od pi\u0119ciu ju\u017c lat wystapilismy w Przegl\u0105dzie Artystycznym Os\u00f3b Niepe\u0142nosprawnych \u201eArlekiny-2013\u201d w O\u015bwi\u0119cimiu. Przegl\u0105d odby\u0142 si\u0119 w 14.05.2013 w O\u015bwi\u0119cimskim Centrum Kultury, a zorganizowa\u0142y go Warsztaty Terapii Zaj\u0119ciowej Fundacji im. Brata Alberta w Che\u0142mku. Podczas przegl\u0105du nasz warsztatowy zesp\u00f3\u0142 \u201eThe Best\u201d zaprezentowa\u0142 jeden z najwi\u0119kszych hit\u00f3w zespo\u0142u Queen pt. \u201e I want to break free\u201d, a dzieciaki ze \u015awietlicy wyst\u0105pili w przedstawieniu pt. \u201eNowa telewizja\u201d. Za udzia\u0142 w przegl\u0105dzie wszyscy arty\u015bci dostali nagrody oraz jak zwykle cudne ceramiczne statuetki Arlekina.<\/p>\n","protected":false},"author":1,"featured_media":0,"comment_status":"open","ping_status":"open","sticky":false,"template":"","format":"standard","meta":{"footnotes":""},"categories":[7],"tags":[],"class_list":["post-137","post","type-post","status-publish","format-standard","hentry","category-aktualnosci"],"_links":{"self":[{"href":"https:\/\/wtztrzebinia.pl\/index.php?rest_route=\/wp\/v2\/posts\/137","targetHints":{"allow":["GET"]}}],"collection":[{"href":"https:\/\/wtztrzebinia.pl\/index.php?rest_route=\/wp\/v2\/posts"}],"about":[{"href":"https:\/\/wtztrzebinia.pl\/index.php?rest_route=\/wp\/v2\/types\/post"}],"author":[{"embeddable":true,"href":"https:\/\/wtztrzebinia.pl\/index.php?rest_route=\/wp\/v2\/users\/1"}],"replies":[{"embeddable":true,"href":"https:\/\/wtztrzebinia.pl\/index.php?rest_route=%2Fwp%2Fv2%2Fcomments&post=137"}],"version-history":[{"count":0,"href":"https:\/\/wtztrzebinia.pl\/index.php?rest_route=\/wp\/v2\/posts\/137\/revisions"}],"wp:attachment":[{"href":"https:\/\/wtztrzebinia.pl\/index.php?rest_route=%2Fwp%2Fv2%2Fmedia&parent=137"}],"wp:term":[{"taxonomy":"category","embeddable":true,"href":"https:\/\/wtztrzebinia.pl\/index.php?rest_route=%2Fwp%2Fv2%2Fcategories&post=137"},{"taxonomy":"post_tag","embeddable":true,"href":"https:\/\/wtztrzebinia.pl\/index.php?rest_route=%2Fwp%2Fv2%2Ftags&post=137"}],"curies":[{"name":"wp","href":"https:\/\/api.w.org\/{rel}","templated":true}]}}