{"id":136,"date":"2013-06-11T13:32:16","date_gmt":"2013-06-11T13:32:16","guid":{"rendered":"https:\/\/wtztrzebinia.pl\/?p=136"},"modified":"2013-06-11T13:32:16","modified_gmt":"2013-06-11T13:32:16","slug":"obchody-i-rocznicy-smierci-ks-pralata-stanislawa-galuszki-26-04-28-04-2013","status":"publish","type":"post","link":"https:\/\/wtztrzebinia.pl\/?p=136","title":{"rendered":"Obchody I rocznicy \u015bmierci ks. Pra\u0142ata Stanis\u0142awa Ga\u0142uszki \u2013 26.04-28.04.2013"},"content":{"rendered":"<p style=\"margin-bottom: 0.0001pt; line-height: normal;\"><span style=\"font-size: 10pt; font-family: 'Arial','sans-serif';\">W pi\u0105tek 26 kwietnia 2013. w I rocznic\u0119 \u015bmierci ks. Pra\u0142ata Stanis\u0142awa Ga\u0142uszki nasza warsztatowa dru\u017cyna harcerska uczestniczy\u0142a w rocznicowych uroczysto\u015bciach, kt\u00f3re rozpocz\u0119\u0142y si\u0119 modlitw\u0105 na cmentarzu, przy grobie zmar\u0142ego Kap\u0142ana.<br \/>\n<!--more--><br \/>\nPrzy grobie \u015bp. ks. Pra\u0142ata pojawili si\u0119 kap\u0142ani, harcerze, w\u0142adze samorz\u0105dowe oraz Parafianie, kt\u00f3rzy przyszli, aby zanie\u015b\u0107 do Boga modlitw\u0119 w Jego intencji. <\/span><\/p>\n<p style=\"margin-bottom: 0.0001pt; line-height: normal;\"><span style=\"font-size: 10pt; font-family: 'Arial','sans-serif';\">P\u00f3\u017aniej, w Dworze Zieleniewskich, odby\u0142a si\u0119 projekcja filmu, ukazuj\u0105cego posta\u0107 zmar\u0142ego Kap\u0142ana. Nast\u0119pnie w sali lustrzanej Dworu Zieleniewskich odby\u0142 si\u0119 koncert Janusza Sa\u0142ugi i Jana Budziaszka. Ostatnim punktem spotkania by\u0142o za\u015b otwarcie wystawy, po\u015bwi\u0119conej osobie \u015bp. ks. Pra\u0142ata. <\/span><\/p>\n<p style=\"margin-bottom: 0.0001pt; line-height: normal;\"><span style=\"font-size: 10pt; font-family: 'Arial','sans-serif';\">W niedziel\u0119 28 kwietnia 2013r, odby\u0142a si\u0119 Msza \u015bw. o spok\u00f3j duszy \u015bp. ks. Ga\u0142uszki. Eucharystii przewodniczy\u0142 oraz homili\u0119 wyg\u0142osi\u0142 ks. Biskup Tadeusz Pieronek. W asy\u015bcie 7 kap\u0142an\u00f3w, z udzia\u0142em ch\u00f3ru \u201eEcho\u201d, harcerzy, w\u0142adz miejskich oraz Parafian i Go\u015bci, zaniesiono modlitw\u0119 do Boga za zmar\u0142ego Proboszcza. Po zako\u0144czonej Mszy \u015bw. w budynku naszych Warsztat\u00f3w WTZ w Trzebini odby\u0142 si\u0119 uroczysty kominek harcerski po\u015bwi\u0119cony wspomnieniom harcmistrza S. Ga\u0142uszki. <\/span><\/p>\n","protected":false},"excerpt":{"rendered":"<p>W pi\u0105tek 26 kwietnia 2013. w I rocznic\u0119 \u015bmierci ks. Pra\u0142ata Stanis\u0142awa Ga\u0142uszki nasza warsztatowa dru\u017cyna harcerska uczestniczy\u0142a w rocznicowych uroczysto\u015bciach, kt\u00f3re rozpocz\u0119\u0142y si\u0119 modlitw\u0105 na cmentarzu, przy grobie zmar\u0142ego Kap\u0142ana.<\/p>\n","protected":false},"author":1,"featured_media":0,"comment_status":"open","ping_status":"open","sticky":false,"template":"","format":"standard","meta":{"footnotes":""},"categories":[7],"tags":[],"class_list":["post-136","post","type-post","status-publish","format-standard","hentry","category-aktualnosci"],"_links":{"self":[{"href":"https:\/\/wtztrzebinia.pl\/index.php?rest_route=\/wp\/v2\/posts\/136","targetHints":{"allow":["GET"]}}],"collection":[{"href":"https:\/\/wtztrzebinia.pl\/index.php?rest_route=\/wp\/v2\/posts"}],"about":[{"href":"https:\/\/wtztrzebinia.pl\/index.php?rest_route=\/wp\/v2\/types\/post"}],"author":[{"embeddable":true,"href":"https:\/\/wtztrzebinia.pl\/index.php?rest_route=\/wp\/v2\/users\/1"}],"replies":[{"embeddable":true,"href":"https:\/\/wtztrzebinia.pl\/index.php?rest_route=%2Fwp%2Fv2%2Fcomments&post=136"}],"version-history":[{"count":0,"href":"https:\/\/wtztrzebinia.pl\/index.php?rest_route=\/wp\/v2\/posts\/136\/revisions"}],"wp:attachment":[{"href":"https:\/\/wtztrzebinia.pl\/index.php?rest_route=%2Fwp%2Fv2%2Fmedia&parent=136"}],"wp:term":[{"taxonomy":"category","embeddable":true,"href":"https:\/\/wtztrzebinia.pl\/index.php?rest_route=%2Fwp%2Fv2%2Fcategories&post=136"},{"taxonomy":"post_tag","embeddable":true,"href":"https:\/\/wtztrzebinia.pl\/index.php?rest_route=%2Fwp%2Fv2%2Ftags&post=136"}],"curies":[{"name":"wp","href":"https:\/\/api.w.org\/{rel}","templated":true}]}}