{"id":134,"date":"2013-04-23T06:01:28","date_gmt":"2013-04-23T06:01:28","guid":{"rendered":"https:\/\/wtztrzebinia.pl\/?p=134"},"modified":"2013-04-23T06:01:28","modified_gmt":"2013-04-23T06:01:28","slug":"akademia-zycia-2013-wycieczka-do-krakowa","status":"publish","type":"post","link":"https:\/\/wtztrzebinia.pl\/?p=134","title":{"rendered":"Akademia \u017cycia 2013 \u2013 wycieczka do Krakowa"},"content":{"rendered":"<p>Od pocz\u0105tku kwietnia br. w naszym Warsztacie realizujemy zadanie publiczne \u201eAkademia \u017cycia\u201d \u2013 dofinansowane ze \u015brodk\u00f3w UM w Trzebini.<br \/>\n<!--more--><br \/>\nW ramach tego zadania uczestnicy warsztatu wyjechali do Krakowa. Pierwsza z kilku zaplanowanych wycieczek odby\u0142a si\u0119 11.04.13. Podczas pobytu w Krakowie uczestnicy przeszli Traktem Kr\u00f3lewskim i odwiedzili Wawel. Dodatkowo trenowali umiej\u0119tno\u015b\u0107 samodzielnego korzystania z komunikacji miejskiej i podr\u00f3\u017cowali poci\u0105giem i tramwajem. Wszyscy uczestnicy wycieczki wr\u00f3cili do dom\u00f3w pe\u0142ni wra\u017ce\u0144, a nast\u0119pni w kolejce do wyjazdu ju\u017c nie mog\u0105 si\u0119 doczeka\u0107\u2026<\/p>\n","protected":false},"excerpt":{"rendered":"<p>Od pocz\u0105tku kwietnia br. w naszym Warsztacie realizujemy zadanie publiczne \u201eAkademia \u017cycia\u201d \u2013 dofinansowane ze \u015brodk\u00f3w UM w Trzebini.<\/p>\n","protected":false},"author":1,"featured_media":0,"comment_status":"open","ping_status":"open","sticky":false,"template":"","format":"standard","meta":{"footnotes":""},"categories":[7],"tags":[],"class_list":["post-134","post","type-post","status-publish","format-standard","hentry","category-aktualnosci"],"_links":{"self":[{"href":"https:\/\/wtztrzebinia.pl\/index.php?rest_route=\/wp\/v2\/posts\/134","targetHints":{"allow":["GET"]}}],"collection":[{"href":"https:\/\/wtztrzebinia.pl\/index.php?rest_route=\/wp\/v2\/posts"}],"about":[{"href":"https:\/\/wtztrzebinia.pl\/index.php?rest_route=\/wp\/v2\/types\/post"}],"author":[{"embeddable":true,"href":"https:\/\/wtztrzebinia.pl\/index.php?rest_route=\/wp\/v2\/users\/1"}],"replies":[{"embeddable":true,"href":"https:\/\/wtztrzebinia.pl\/index.php?rest_route=%2Fwp%2Fv2%2Fcomments&post=134"}],"version-history":[{"count":0,"href":"https:\/\/wtztrzebinia.pl\/index.php?rest_route=\/wp\/v2\/posts\/134\/revisions"}],"wp:attachment":[{"href":"https:\/\/wtztrzebinia.pl\/index.php?rest_route=%2Fwp%2Fv2%2Fmedia&parent=134"}],"wp:term":[{"taxonomy":"category","embeddable":true,"href":"https:\/\/wtztrzebinia.pl\/index.php?rest_route=%2Fwp%2Fv2%2Fcategories&post=134"},{"taxonomy":"post_tag","embeddable":true,"href":"https:\/\/wtztrzebinia.pl\/index.php?rest_route=%2Fwp%2Fv2%2Ftags&post=134"}],"curies":[{"name":"wp","href":"https:\/\/api.w.org\/{rel}","templated":true}]}}