{"id":132,"date":"2013-04-12T07:07:06","date_gmt":"2013-04-12T07:07:06","guid":{"rendered":"https:\/\/wtztrzebinia.pl\/?p=132"},"modified":"2013-04-12T07:07:06","modified_gmt":"2013-04-12T07:07:06","slug":"x-ogolnopolski-piknik-muzyczny-osob-niepelnosprawnych-w-trzebini","status":"publish","type":"post","link":"https:\/\/wtztrzebinia.pl\/?p=132","title":{"rendered":"X Og\u00f3lnopolski Piknik Muzyczny Os\u00f3b Niepe\u0142nosprawnych w Trzebini"},"content":{"rendered":"<p><span style=\"font-family: 'Arial','sans-serif';\">Mamy przyjemno\u015b\u0107 zaprosi\u0107 Pa\u0144stwa do udzia\u0142u w X Og\u00f3lnopolskim Pikniku Muzycznym Os\u00f3b Niepe\u0142nosprawnych, kt\u00f3ry odb\u0119dzie si\u0119 w Trzebini w dniu 28 maja 2013r.\u00a0<br \/> Poni\u017cej zamieszczamy dokumenty zg\u0142oszeniowe do pobrania. <br \/> Termin nadsy\u0142ania zg\u0142osze\u0144 mija 06 maja 2013r.<br \/> Zapraszamy do wsp\u00f3lnej zabawy!<\/span><\/p>\n<p style=\"margin-bottom: 0.0001pt; line-height: normal;\"><a href=\"https:\/\/wtztrzebinia.pl\/wp-content\/uploads\/2013\/04\/KARTA2014.pdf\"><span style=\"font-family: 'Arial','sans-serif';\">KARTA ZG\u0141OSZENIA UDZIA\u0141U &#8211; Piknik Muzyczny<\/span><\/a><\/p>\n<p style=\"margin-bottom: 0.0001pt; line-height: normal;\"><a href=\"https:\/\/wtztrzebinia.pl\/wp-content\/uploads\/2013\/04\/OSWIADCZENIE1-PiknikMuzyczny2013.pdf\"><span style=\"font-family: 'Arial','sans-serif';\">O\u015aWIADCZENIE 1 &#8211; Piknik Muzyczny<\/span><\/a><\/p>\n<p style=\"margin-bottom: 0.0001pt; line-height: normal;\"><a href=\"https:\/\/wtztrzebinia.pl\/wp-content\/uploads\/2013\/04\/OSWIADCZENIE2-PiknikMuzyczny2013.pdf\"><span style=\"font-family: 'Arial','sans-serif';\">O\u015aWIADCZENIE 2 &#8211; Piknik Muzyczny<\/span><\/a><\/p>\n<p style=\"margin-bottom: 0.0001pt; line-height: normal;\"><a href=\"https:\/\/wtztrzebinia.pl\/wp-content\/uploads\/2013\/04\/REGULAMINOGOLNOPOLSKIEGOPIKNIKUMUZYCZNEGOWTRZEBINI2013.pdf\"><span style=\"font-family: 'Arial','sans-serif';\">REGULAMIN OGOLNOPOLSKIEGO PIKNIKU MUZYCZNEGO W TRZEBINI<\/span><\/a><\/p>\n<p style=\"margin-bottom: 0.0001pt; line-height: normal;\"><span style=\"font-family: 'Times New Roman','serif';\">\u00a0<\/span><\/p>\n","protected":false},"excerpt":{"rendered":"<p>Mamy przyjemno\u015b\u0107 zaprosi\u0107 Pa\u0144stwa do udzia\u0142u w X Og\u00f3lnopolskim Pikniku Muzycznym Os\u00f3b Niepe\u0142nosprawnych, kt\u00f3ry odb\u0119dzie si\u0119 w Trzebini w dniu 28 maja 2013r.\u00a0 Poni\u017cej zamieszczamy dokumenty zg\u0142oszeniowe do pobrania. Termin nadsy\u0142ania zg\u0142osze\u0144 mija 06 maja 2013r. Zapraszamy do wsp\u00f3lnej zabawy! KARTA ZG\u0141OSZENIA UDZIA\u0141U &#8211; Piknik Muzyczny O\u015aWIADCZENIE 1 &#8211; Piknik Muzyczny O\u015aWIADCZENIE 2 &#8211; Piknik Muzyczny REGULAMIN OGOLNOPOLSKIEGO PIKNIKU MUZYCZNEGO W TRZEBINI \u00a0<\/p>\n","protected":false},"author":1,"featured_media":0,"comment_status":"open","ping_status":"open","sticky":false,"template":"","format":"standard","meta":{"footnotes":""},"categories":[7],"tags":[],"class_list":["post-132","post","type-post","status-publish","format-standard","hentry","category-aktualnosci"],"_links":{"self":[{"href":"https:\/\/wtztrzebinia.pl\/index.php?rest_route=\/wp\/v2\/posts\/132","targetHints":{"allow":["GET"]}}],"collection":[{"href":"https:\/\/wtztrzebinia.pl\/index.php?rest_route=\/wp\/v2\/posts"}],"about":[{"href":"https:\/\/wtztrzebinia.pl\/index.php?rest_route=\/wp\/v2\/types\/post"}],"author":[{"embeddable":true,"href":"https:\/\/wtztrzebinia.pl\/index.php?rest_route=\/wp\/v2\/users\/1"}],"replies":[{"embeddable":true,"href":"https:\/\/wtztrzebinia.pl\/index.php?rest_route=%2Fwp%2Fv2%2Fcomments&post=132"}],"version-history":[{"count":0,"href":"https:\/\/wtztrzebinia.pl\/index.php?rest_route=\/wp\/v2\/posts\/132\/revisions"}],"wp:attachment":[{"href":"https:\/\/wtztrzebinia.pl\/index.php?rest_route=%2Fwp%2Fv2%2Fmedia&parent=132"}],"wp:term":[{"taxonomy":"category","embeddable":true,"href":"https:\/\/wtztrzebinia.pl\/index.php?rest_route=%2Fwp%2Fv2%2Fcategories&post=132"},{"taxonomy":"post_tag","embeddable":true,"href":"https:\/\/wtztrzebinia.pl\/index.php?rest_route=%2Fwp%2Fv2%2Ftags&post=132"}],"curies":[{"name":"wp","href":"https:\/\/api.w.org\/{rel}","templated":true}]}}