{"id":127,"date":"2013-04-08T09:47:35","date_gmt":"2013-04-08T09:47:35","guid":{"rendered":"https:\/\/wtztrzebinia.pl\/?p=127"},"modified":"2013-04-08T09:47:35","modified_gmt":"2013-04-08T09:47:35","slug":"nasz-wtz-w-akcji-uwolnij-1-05-04-2013","status":"publish","type":"post","link":"https:\/\/wtztrzebinia.pl\/?p=127","title":{"rendered":"Nasz WTZ w akcji &#8222;Uwolnij 1%&#8221; &#8211; 05.04.2013"},"content":{"rendered":"<p><span style=\"font-family: 'Arial','sans-serif';\">W pi\u0105tek 5 kwietnia 2013 r. o godz.13<sup>.00<\/sup> odby\u0142a si\u0119 akcja uliczna Fundacji im. Brata Alberta &#8211; &#8222;Uwolnij 1%&#8221;.<\/span><\/p>\n<p style=\"text-align: justify;\"><span style=\"font-family: 'Arial','sans-serif';\">Akcja polega\u0142a na rozdawaniu ulotek ze zdj\u0119ciem tenisistek Agnieszki i Urszuli Radwa\u0144skich, kt\u00f3re wspar\u0142y Fundacj\u0119 poprzez przekazanie jej swojego 1%.<br \/>\n<!--more--><br \/>\n<\/span><\/p>\n<p style=\"text-align: justify;\"><span style=\"font-family: 'Arial','sans-serif';\">Warsztat Terapii Zaj\u0119ciowej w Trzebini wzi\u0105\u0142 aktywny udzia\u0142 w tej nowatorskiej akcji. 35 uczestnik\u00f3w warsztatu wraz z pracownikami i wolontariuszami, w sze\u015bciu grupach rozesz\u0142o si\u0119 po ca\u0142ej Trzebini. Mimo mro\u017anej i wietrznej pogody kr\u0105\u017cyli\u015bmy po mie\u015bcie i rozdawali\u015bmy ulotki o 1% dla Fundacji im. Brata Alberta oraz aktywnie informowali\u015bmy napotkanych mieszka\u0144c\u00f3w o akcji \u201eUwolnij 1%\u201d. Odwiedzili\u015bmy tak\u017ce wszystkie sklepy, sklepiki, punkty us\u0142ugowe, lokale gastronomiczne w centrum Trzebini. Doszli\u015bmy a\u017c do dworca kolejowego, na os. ZWM, na plac targowy i w wiele innych miejsc w okolicach ma\u0142ego i du\u017cego trzebi\u0144skiego Rynku. Spotkali\u015bmy si\u0119 po drodze z du\u017c\u0105 \u017cyczliwo\u015bci\u0105 i zrozumieniem ze strony trzebinian i by\u0107 mo\u017ce przekonali\u015bmy tych, kt\u00f3rzy jeszcze si\u0119 nie rozliczyli z fiskusem do wsparcia naszej organizacji. <br \/><\/span><\/p>\n","protected":false},"excerpt":{"rendered":"<p>W pi\u0105tek 5 kwietnia 2013 r. o godz.13.00 odby\u0142a si\u0119 akcja uliczna Fundacji im. Brata Alberta &#8211; &#8222;Uwolnij 1%&#8221;. Akcja polega\u0142a na rozdawaniu ulotek ze zdj\u0119ciem tenisistek Agnieszki i Urszuli Radwa\u0144skich, kt\u00f3re wspar\u0142y Fundacj\u0119 poprzez przekazanie jej swojego 1%.<\/p>\n","protected":false},"author":1,"featured_media":0,"comment_status":"open","ping_status":"open","sticky":false,"template":"","format":"standard","meta":{"footnotes":""},"categories":[7],"tags":[],"class_list":["post-127","post","type-post","status-publish","format-standard","hentry","category-aktualnosci"],"_links":{"self":[{"href":"https:\/\/wtztrzebinia.pl\/index.php?rest_route=\/wp\/v2\/posts\/127","targetHints":{"allow":["GET"]}}],"collection":[{"href":"https:\/\/wtztrzebinia.pl\/index.php?rest_route=\/wp\/v2\/posts"}],"about":[{"href":"https:\/\/wtztrzebinia.pl\/index.php?rest_route=\/wp\/v2\/types\/post"}],"author":[{"embeddable":true,"href":"https:\/\/wtztrzebinia.pl\/index.php?rest_route=\/wp\/v2\/users\/1"}],"replies":[{"embeddable":true,"href":"https:\/\/wtztrzebinia.pl\/index.php?rest_route=%2Fwp%2Fv2%2Fcomments&post=127"}],"version-history":[{"count":0,"href":"https:\/\/wtztrzebinia.pl\/index.php?rest_route=\/wp\/v2\/posts\/127\/revisions"}],"wp:attachment":[{"href":"https:\/\/wtztrzebinia.pl\/index.php?rest_route=%2Fwp%2Fv2%2Fmedia&parent=127"}],"wp:term":[{"taxonomy":"category","embeddable":true,"href":"https:\/\/wtztrzebinia.pl\/index.php?rest_route=%2Fwp%2Fv2%2Fcategories&post=127"},{"taxonomy":"post_tag","embeddable":true,"href":"https:\/\/wtztrzebinia.pl\/index.php?rest_route=%2Fwp%2Fv2%2Ftags&post=127"}],"curies":[{"name":"wp","href":"https:\/\/api.w.org\/{rel}","templated":true}]}}