{"id":126,"date":"2013-04-04T11:14:13","date_gmt":"2013-04-04T11:14:13","guid":{"rendered":"https:\/\/wtztrzebinia.pl\/?p=126"},"modified":"2013-04-04T11:14:13","modified_gmt":"2013-04-04T11:14:13","slug":"spotkanie-wielkanocne-04-04-2013","status":"publish","type":"post","link":"https:\/\/wtztrzebinia.pl\/?p=126","title":{"rendered":"Spotkanie Wielkanocne \u2013 04.04.2013"},"content":{"rendered":"<p>W dniu 04 kwietnia 2013r. o godzinie 10.00 odby\u0142o si\u0119 w naszych trzebi\u0144skich plac\u00f3wkach uroczyste Spotkanie Wielkanocne.<br \/>\n<!--more--><br \/>\nSpotkanie to rozpocz\u0119\u0142o si\u0119 od czytania Ewangelii oraz od\u015bpiewania pie\u015bni wielkanocnej w wykonaniu uczestnik\u00f3w warsztatu w Trzebini. Spotkanie to by\u0142o tradycyjnie okazj\u0105 do wsp\u00f3lnego \u015bwi\u0119towania, sk\u0142adania \u017cycze\u0144 i rozm\u00f3w, na kt\u00f3re w codziennym \u017cyciu brakuje nam wszystkim czasu. Pocz\u0119stunek na spotkanie przygotowa\u0142a pracownia gospodarstwa domowego a dekoracj\u0119 sali wykona\u0142a jak zwykle pracownia plastyczna, obie przy wsparciu pozosta\u0142ych pracowni warsztatowych. Jak zwykle tak\u017ce dopisali nasi go\u015bcie, a rodzice podopiecznych warsztatu i \u015bwietlicy umilili spotkanie w\u0142asnor\u0119cznie pieczonymi domowymi ciastami i ciasteczkami. Zdj\u0119cia ze spotkania mo\u017cna obejrze\u0107 w galerii.<\/p>\n","protected":false},"excerpt":{"rendered":"<p>W dniu 04 kwietnia 2013r. o godzinie 10.00 odby\u0142o si\u0119 w naszych trzebi\u0144skich plac\u00f3wkach uroczyste Spotkanie Wielkanocne.<\/p>\n","protected":false},"author":1,"featured_media":0,"comment_status":"open","ping_status":"open","sticky":false,"template":"","format":"standard","meta":{"footnotes":""},"categories":[7],"tags":[],"class_list":["post-126","post","type-post","status-publish","format-standard","hentry","category-aktualnosci"],"_links":{"self":[{"href":"https:\/\/wtztrzebinia.pl\/index.php?rest_route=\/wp\/v2\/posts\/126","targetHints":{"allow":["GET"]}}],"collection":[{"href":"https:\/\/wtztrzebinia.pl\/index.php?rest_route=\/wp\/v2\/posts"}],"about":[{"href":"https:\/\/wtztrzebinia.pl\/index.php?rest_route=\/wp\/v2\/types\/post"}],"author":[{"embeddable":true,"href":"https:\/\/wtztrzebinia.pl\/index.php?rest_route=\/wp\/v2\/users\/1"}],"replies":[{"embeddable":true,"href":"https:\/\/wtztrzebinia.pl\/index.php?rest_route=%2Fwp%2Fv2%2Fcomments&post=126"}],"version-history":[{"count":0,"href":"https:\/\/wtztrzebinia.pl\/index.php?rest_route=\/wp\/v2\/posts\/126\/revisions"}],"wp:attachment":[{"href":"https:\/\/wtztrzebinia.pl\/index.php?rest_route=%2Fwp%2Fv2%2Fmedia&parent=126"}],"wp:term":[{"taxonomy":"category","embeddable":true,"href":"https:\/\/wtztrzebinia.pl\/index.php?rest_route=%2Fwp%2Fv2%2Fcategories&post=126"},{"taxonomy":"post_tag","embeddable":true,"href":"https:\/\/wtztrzebinia.pl\/index.php?rest_route=%2Fwp%2Fv2%2Ftags&post=126"}],"curies":[{"name":"wp","href":"https:\/\/api.w.org\/{rel}","templated":true}]}}