{"id":124,"date":"2013-04-02T12:29:47","date_gmt":"2013-04-02T12:29:47","guid":{"rendered":"https:\/\/wtztrzebinia.pl\/?p=124"},"modified":"2013-04-02T12:29:47","modified_gmt":"2013-04-02T12:29:47","slug":"akademia-zycia-2013","status":"publish","type":"post","link":"https:\/\/wtztrzebinia.pl\/?p=124","title":{"rendered":"Akademia \u017bycia 2013"},"content":{"rendered":"<p>W pierwszy wtorek kwietnia br rozpocz\u0119\u0142y si\u0119 w naszym warsztacie zaj\u0119cia w ramach zadania publicznego \u201eAkademia \u017cycia-2013\u201d.&nbsp;<\/p>\n<p><!--more--><\/p>\n<p>Akademia \u017bycia to cykl zaj\u0119\u0107 dodatkowych; terapeutycznych, edukacyjnych i rehabilitacyjnych maj\u0105cych na celu ograniczenie marginalizacji i przeciwdzia\u0142ania wykluczeniu spo\u0142ecznemu os\u00f3b niepe\u0142nosprawnych. W ramach projektu organizowane s\u0105 r\u00f3\u017cnorodne zaj\u0119cia np. z arteterapii, zaj\u0119cia rekreacyjne i ruchowe, komputerowe, z zasad savoir-vivre, wyj\u015bcie do kina, wyjazd na wycieczk\u0119 i wiele innych. Projekt jest dofinansowany ze \u015brodk\u00f3w Urz\u0119du Miasta w Trzebini. Tegoroczna Akademia to ju\u017c sz\u00f3sta edycja. Uroczyste zako\u0144czenie Akademii odb\u0119dzie si\u0119 30 czerwca 2013r.<\/p>\n<p>&nbsp;<\/p>\n","protected":false},"excerpt":{"rendered":"<p>W pierwszy wtorek kwietnia br rozpocz\u0119\u0142y si\u0119 w naszym warsztacie zaj\u0119cia w ramach zadania publicznego \u201eAkademia \u017cycia-2013\u201d.&nbsp;<\/p>\n","protected":false},"author":1,"featured_media":0,"comment_status":"open","ping_status":"open","sticky":false,"template":"","format":"standard","meta":{"footnotes":""},"categories":[7],"tags":[],"class_list":["post-124","post","type-post","status-publish","format-standard","hentry","category-aktualnosci"],"_links":{"self":[{"href":"https:\/\/wtztrzebinia.pl\/index.php?rest_route=\/wp\/v2\/posts\/124","targetHints":{"allow":["GET"]}}],"collection":[{"href":"https:\/\/wtztrzebinia.pl\/index.php?rest_route=\/wp\/v2\/posts"}],"about":[{"href":"https:\/\/wtztrzebinia.pl\/index.php?rest_route=\/wp\/v2\/types\/post"}],"author":[{"embeddable":true,"href":"https:\/\/wtztrzebinia.pl\/index.php?rest_route=\/wp\/v2\/users\/1"}],"replies":[{"embeddable":true,"href":"https:\/\/wtztrzebinia.pl\/index.php?rest_route=%2Fwp%2Fv2%2Fcomments&post=124"}],"version-history":[{"count":0,"href":"https:\/\/wtztrzebinia.pl\/index.php?rest_route=\/wp\/v2\/posts\/124\/revisions"}],"wp:attachment":[{"href":"https:\/\/wtztrzebinia.pl\/index.php?rest_route=%2Fwp%2Fv2%2Fmedia&parent=124"}],"wp:term":[{"taxonomy":"category","embeddable":true,"href":"https:\/\/wtztrzebinia.pl\/index.php?rest_route=%2Fwp%2Fv2%2Fcategories&post=124"},{"taxonomy":"post_tag","embeddable":true,"href":"https:\/\/wtztrzebinia.pl\/index.php?rest_route=%2Fwp%2Fv2%2Ftags&post=124"}],"curies":[{"name":"wp","href":"https:\/\/api.w.org\/{rel}","templated":true}]}}