{"id":123,"date":"2013-04-02T12:28:52","date_gmt":"2013-04-02T12:28:52","guid":{"rendered":"https:\/\/wtztrzebinia.pl\/?p=123"},"modified":"2013-04-02T12:28:52","modified_gmt":"2013-04-02T12:28:52","slug":"wyniki-swiatecznej-zbiorki-zywnosci","status":"publish","type":"post","link":"https:\/\/wtztrzebinia.pl\/?p=123","title":{"rendered":"Wyniki \u015bwi\u0105tecznej zbi\u00f3rki \u017cywno\u015bci"},"content":{"rendered":"<p>W dniach 15.03-17.03.2013 podopieczni Fundacji im. Brata Alberta, pracownicy Warsztatu i \u015awietlicy oraz blisko 50 wolontariuszy z Gimnazjum nr 2 w Trzebini, wsp\u00f3lnie z Krakowskim Bankiem \u017bywno\u015bci brali udzia\u0142 w \u201e\u015awi\u0105tecznej Zbi\u00f3rce \u017bywno\u015bci\u201d.<br \/>\n<!--more--><br \/>\nW trzech lokalnych marketach; Biedronka w Trzebini, InterMarche w Trzebini i Piotr i Pawe\u0142 w Chrzanowie, zebrali\u015bmy w sumie <b>873,75 kg<\/b> \u017cywno\u015bci o przed\u0142u\u017conej trwa\u0142o\u015bci. Zebrane produkty zostan\u0105 wykorzystane do przygotowywania posi\u0142k\u00f3w dla podopiecznych Fundacji, podzielimy si\u0119 tak\u017ce z podopiecznymi Caritas przy Ko\u015bciele \u015bw. Aposto\u0142\u00f3w Piotra i Paw\u0142a w Trzebini. Po raz kolejny bardzo gor\u0105co dzi\u0119kujemy sklepom, wolontariuszom i darczy\u0144com za pomoc, hojno\u015b\u0107 i zrozumienie.<\/p>\n","protected":false},"excerpt":{"rendered":"<p>W dniach 15.03-17.03.2013 podopieczni Fundacji im. Brata Alberta, pracownicy Warsztatu i \u015awietlicy oraz blisko 50 wolontariuszy z Gimnazjum nr 2 w Trzebini, wsp\u00f3lnie z Krakowskim Bankiem \u017bywno\u015bci brali udzia\u0142 w \u201e\u015awi\u0105tecznej Zbi\u00f3rce \u017bywno\u015bci\u201d.<\/p>\n","protected":false},"author":1,"featured_media":0,"comment_status":"open","ping_status":"open","sticky":false,"template":"","format":"standard","meta":{"footnotes":""},"categories":[7],"tags":[],"class_list":["post-123","post","type-post","status-publish","format-standard","hentry","category-aktualnosci"],"_links":{"self":[{"href":"https:\/\/wtztrzebinia.pl\/index.php?rest_route=\/wp\/v2\/posts\/123","targetHints":{"allow":["GET"]}}],"collection":[{"href":"https:\/\/wtztrzebinia.pl\/index.php?rest_route=\/wp\/v2\/posts"}],"about":[{"href":"https:\/\/wtztrzebinia.pl\/index.php?rest_route=\/wp\/v2\/types\/post"}],"author":[{"embeddable":true,"href":"https:\/\/wtztrzebinia.pl\/index.php?rest_route=\/wp\/v2\/users\/1"}],"replies":[{"embeddable":true,"href":"https:\/\/wtztrzebinia.pl\/index.php?rest_route=%2Fwp%2Fv2%2Fcomments&post=123"}],"version-history":[{"count":0,"href":"https:\/\/wtztrzebinia.pl\/index.php?rest_route=\/wp\/v2\/posts\/123\/revisions"}],"wp:attachment":[{"href":"https:\/\/wtztrzebinia.pl\/index.php?rest_route=%2Fwp%2Fv2%2Fmedia&parent=123"}],"wp:term":[{"taxonomy":"category","embeddable":true,"href":"https:\/\/wtztrzebinia.pl\/index.php?rest_route=%2Fwp%2Fv2%2Fcategories&post=123"},{"taxonomy":"post_tag","embeddable":true,"href":"https:\/\/wtztrzebinia.pl\/index.php?rest_route=%2Fwp%2Fv2%2Ftags&post=123"}],"curies":[{"name":"wp","href":"https:\/\/api.w.org\/{rel}","templated":true}]}}