{"id":122,"date":"2013-03-08T07:45:10","date_gmt":"2013-03-08T07:45:10","guid":{"rendered":"https:\/\/wtztrzebinia.pl\/?p=122"},"modified":"2013-03-08T07:45:10","modified_gmt":"2013-03-08T07:45:10","slug":"swiateczne-kiermasze-prac-18-03-24-03-2013","status":"publish","type":"post","link":"https:\/\/wtztrzebinia.pl\/?p=122","title":{"rendered":"\u015awi\u0105teczne Kiermasze Prac \u2013 18.03-24.03.2013"},"content":{"rendered":"<p>Zapraszamy serdecznie na \u015bwi\u0105teczne kiermasze prac wykonanych przez uczestnik\u00f3w Warsztatu Terapii Zaj\u0119ciowej i podopiecznych \u015awietlicy Terapeutycznej.<br \/>\n<!--more-->\n<\/p>\n<p>&#8211; 18.03.13 (poniedzia\u0142ek) budynek Starostwa Powiatowego w Chrzanowie, g.10.00-13.00<\/p>\n<p>&#8211; 19.03.13 (wtorek) stacja paliw przy Rafinerii Trzebinia, ul. Fabryczna w Trzebini, g.10.00-13.00<\/p>\n<p>&#8211; 20.03.13 (\u015broda) budynek Urz\u0119du Miasta w Trzebini, ul. Pi\u0142sudskiego, g. 9.00-12.00<\/p>\n<p>&#8211; 21.03.13 (czwartek) budynek administracyjny w Elektrowni Siersza w Trzebini, g. 10.00-12.00<\/p>\n<p>&#8211; 24.03.2013 (Niedziela Palmowa) odb\u0119dzie si\u0119 kiermasz przed Ko\u015bcio\u0142em \u015aw. Aposto\u0142\u00f3w Piotra i Paw\u0142a w Trzebini, g. 8.00-14.00<\/p>\n<p>Wszystkie pieni\u0105dze z kiermasz\u00f3w przeznaczone s\u0105 na rehabilitacj\u0119 spo\u0142eczn\u0105 os\u00f3b niepe\u0142nosprawnych i bie\u017c\u0105ce funkcjonowanie trzebi\u0144skich plac\u00f3wek Fundacji im. Brata Alberta.<\/p>\n<p>Zapraszamy serdecznie!<\/p>\n","protected":false},"excerpt":{"rendered":"<p>Zapraszamy serdecznie na \u015bwi\u0105teczne kiermasze prac wykonanych przez uczestnik\u00f3w Warsztatu Terapii Zaj\u0119ciowej i podopiecznych \u015awietlicy Terapeutycznej.<\/p>\n","protected":false},"author":1,"featured_media":0,"comment_status":"open","ping_status":"open","sticky":false,"template":"","format":"standard","meta":{"footnotes":""},"categories":[7],"tags":[],"class_list":["post-122","post","type-post","status-publish","format-standard","hentry","category-aktualnosci"],"_links":{"self":[{"href":"https:\/\/wtztrzebinia.pl\/index.php?rest_route=\/wp\/v2\/posts\/122","targetHints":{"allow":["GET"]}}],"collection":[{"href":"https:\/\/wtztrzebinia.pl\/index.php?rest_route=\/wp\/v2\/posts"}],"about":[{"href":"https:\/\/wtztrzebinia.pl\/index.php?rest_route=\/wp\/v2\/types\/post"}],"author":[{"embeddable":true,"href":"https:\/\/wtztrzebinia.pl\/index.php?rest_route=\/wp\/v2\/users\/1"}],"replies":[{"embeddable":true,"href":"https:\/\/wtztrzebinia.pl\/index.php?rest_route=%2Fwp%2Fv2%2Fcomments&post=122"}],"version-history":[{"count":0,"href":"https:\/\/wtztrzebinia.pl\/index.php?rest_route=\/wp\/v2\/posts\/122\/revisions"}],"wp:attachment":[{"href":"https:\/\/wtztrzebinia.pl\/index.php?rest_route=%2Fwp%2Fv2%2Fmedia&parent=122"}],"wp:term":[{"taxonomy":"category","embeddable":true,"href":"https:\/\/wtztrzebinia.pl\/index.php?rest_route=%2Fwp%2Fv2%2Fcategories&post=122"},{"taxonomy":"post_tag","embeddable":true,"href":"https:\/\/wtztrzebinia.pl\/index.php?rest_route=%2Fwp%2Fv2%2Ftags&post=122"}],"curies":[{"name":"wp","href":"https:\/\/api.w.org\/{rel}","templated":true}]}}