{"id":121,"date":"2013-03-08T07:44:04","date_gmt":"2013-03-08T07:44:04","guid":{"rendered":"https:\/\/wtztrzebinia.pl\/?p=121"},"modified":"2013-03-08T07:44:04","modified_gmt":"2013-03-08T07:44:04","slug":"wielkanocna-zbiorka-zywnosci-15-03-17-03-2013","status":"publish","type":"post","link":"https:\/\/wtztrzebinia.pl\/?p=121","title":{"rendered":"Wielkanocna Zbi\u00f3rka \u017bywno\u015bci \u2013 15.03-17.03.2013"},"content":{"rendered":"<p>W dniach 15, 16 i 17 marca 2013 roku pracownicy, uczestnicy WTZ Trzebinia i wolontariusze z Gimnazjum nr 2 w Trzebini, pod patronatem Krakowskiego Banku \u017bywno\u015bci b\u0119d\u0105 zbiera\u0107 produkty \u017cywno\u015bciowe w nast\u0119puj\u0105cych sklepach:<br \/>&#8211; Biedronka \u2013 ul. Ko\u015bciuszki, Trzebinia<\/p>\n<p>&#8211; Intermarche \u2013 ul. \u015aw. Stanis\u0142awa, Trzebinia<\/p>\n<p>&#8211; Piotr i Pawe\u0142 \u2013 Centrum Handlowe MAX, Chrzan\u00f3w<\/p>\n<p>&nbsp;<img loading=\"lazy\" decoding=\"async\" class=\" size-full wp-image-120\" src=\"https:\/\/wtztrzebinia.pl\/wp-content\/uploads\/2013\/03\/plakat-1.png\" alt=\"\" width=\"616\" height=\"871\" srcset=\"https:\/\/wtztrzebinia.pl\/wp-content\/uploads\/2013\/03\/plakat-1.png 616w, https:\/\/wtztrzebinia.pl\/wp-content\/uploads\/2013\/03\/plakat-1-212x300.png 212w\" sizes=\"auto, (max-width: 616px) 100vw, 616px\" \/><\/p>\n<p>W zbi\u00f3rce bierzemy udzia\u0142 ju\u017c kolejny raz. Za ka\u017cdym razem dzi\u0119ki Pa\u0144stwa zaanga\u017cowaniu zbierali\u015bmy produkty \u017cywno\u015bciowe, kt\u00f3re wykorzystywane by\u0142y przez Warsztat i \u015awietlic\u0119 do przygotowywania posi\u0142k\u00f3w dla naszych podopiecznych. Za ka\u017cdym razem dzielili\u015bmy si\u0119 tak\u017ce zebran\u0105 \u017cywno\u015bci\u0105 z oddzia\u0142ami Caritas w Trzebini.<\/p>\n<p>I tym razem liczymy na Pa\u0144stwa dobre serce i ch\u0119\u0107 dzielenia si\u0119 z potrzebuj\u0105cymi.<\/p>\n","protected":false},"excerpt":{"rendered":"<p>W dniach 15, 16 i 17 marca 2013 roku pracownicy, uczestnicy WTZ Trzebinia i wolontariusze z Gimnazjum nr 2 w Trzebini, pod patronatem Krakowskiego Banku \u017bywno\u015bci b\u0119d\u0105 zbiera\u0107 produkty \u017cywno\u015bciowe w nast\u0119puj\u0105cych sklepach:&#8211; Biedronka \u2013 ul. Ko\u015bciuszki, Trzebinia &#8211; Intermarche \u2013 ul. \u015aw. Stanis\u0142awa, Trzebinia &#8211; Piotr i Pawe\u0142 \u2013 Centrum Handlowe MAX, Chrzan\u00f3w &nbsp; W zbi\u00f3rce bierzemy udzia\u0142 ju\u017c kolejny raz. Za ka\u017cdym razem dzi\u0119ki Pa\u0144stwa zaanga\u017cowaniu zbierali\u015bmy produkty \u017cywno\u015bciowe, kt\u00f3re wykorzystywane by\u0142y przez Warsztat i \u015awietlic\u0119 do przygotowywania posi\u0142k\u00f3w dla naszych podopiecznych. Za ka\u017cdym razem dzielili\u015bmy si\u0119 tak\u017ce zebran\u0105 \u017cywno\u015bci\u0105 z oddzia\u0142ami Caritas w Trzebini. I tym razem liczymy na Pa\u0144stwa dobre serce i ch\u0119\u0107 dzielenia si\u0119 z potrzebuj\u0105cymi.<\/p>\n","protected":false},"author":1,"featured_media":120,"comment_status":"open","ping_status":"open","sticky":false,"template":"","format":"standard","meta":{"footnotes":""},"categories":[7],"tags":[],"class_list":["post-121","post","type-post","status-publish","format-standard","has-post-thumbnail","hentry","category-aktualnosci"],"_links":{"self":[{"href":"https:\/\/wtztrzebinia.pl\/index.php?rest_route=\/wp\/v2\/posts\/121","targetHints":{"allow":["GET"]}}],"collection":[{"href":"https:\/\/wtztrzebinia.pl\/index.php?rest_route=\/wp\/v2\/posts"}],"about":[{"href":"https:\/\/wtztrzebinia.pl\/index.php?rest_route=\/wp\/v2\/types\/post"}],"author":[{"embeddable":true,"href":"https:\/\/wtztrzebinia.pl\/index.php?rest_route=\/wp\/v2\/users\/1"}],"replies":[{"embeddable":true,"href":"https:\/\/wtztrzebinia.pl\/index.php?rest_route=%2Fwp%2Fv2%2Fcomments&post=121"}],"version-history":[{"count":0,"href":"https:\/\/wtztrzebinia.pl\/index.php?rest_route=\/wp\/v2\/posts\/121\/revisions"}],"wp:featuredmedia":[{"embeddable":true,"href":"https:\/\/wtztrzebinia.pl\/index.php?rest_route=\/wp\/v2\/media\/120"}],"wp:attachment":[{"href":"https:\/\/wtztrzebinia.pl\/index.php?rest_route=%2Fwp%2Fv2%2Fmedia&parent=121"}],"wp:term":[{"taxonomy":"category","embeddable":true,"href":"https:\/\/wtztrzebinia.pl\/index.php?rest_route=%2Fwp%2Fv2%2Fcategories&post=121"},{"taxonomy":"post_tag","embeddable":true,"href":"https:\/\/wtztrzebinia.pl\/index.php?rest_route=%2Fwp%2Fv2%2Ftags&post=121"}],"curies":[{"name":"wp","href":"https:\/\/api.w.org\/{rel}","templated":true}]}}