{"id":118,"date":"2013-03-08T07:37:26","date_gmt":"2013-03-08T07:37:26","guid":{"rendered":"https:\/\/wtztrzebinia.pl\/?p=118"},"modified":"2013-03-08T07:37:26","modified_gmt":"2013-03-08T07:37:26","slug":"wieczor-autorski-ks-tadeusza-isakowicza-zaleskiego-05-03-2013","status":"publish","type":"post","link":"https:\/\/wtztrzebinia.pl\/?p=118","title":{"rendered":"Wiecz\u00f3r autorski Ks. Tadeusza Isakowicza \u2013 Zaleskiego \u2013 05.03.2013"},"content":{"rendered":"<p style=\"margin-bottom: 0.0001pt; line-height: normal;\">W dniu 5 marca 2013r. w Dworze Zieleniewskich w Trzebini odby\u0142 si\u0119 wiecz\u00f3r autorski Ks. Tadeusza Isakowicza-Zaleskiego.<br \/>\n<!--more--><br \/>\nSpotkanie zgromadzi\u0142o wiele os\u00f3b. Ca\u0142a Sala Lustrzana Dworu by\u0142a wype\u0142niona sympatykami Ksi\u0119dza. Podczas spotkania zorganizowano tak\u017ce kiermasz prac wykonanych przez podopiecznych Fundacji im. Brata Alberta w trzebi\u0144skich plac\u00f3wkach. Mo\u017cna by\u0142o tak\u017ce naby\u0107, w formie cegie\u0142ki ksi\u0105\u017cki, kt\u00f3rych autorem jest Ksi\u0105dz Isakowicz. Wszystkie pieni\u0105dze zebrane podczas spotkania zosta\u0142y przeznaczone na rzecz Fundacji im. Brata Alberta w Trzebini.&nbsp;&nbsp;<\/p>\n","protected":false},"excerpt":{"rendered":"<p>W dniu 5 marca 2013r. w Dworze Zieleniewskich w Trzebini odby\u0142 si\u0119 wiecz\u00f3r autorski Ks. Tadeusza Isakowicza-Zaleskiego.<\/p>\n","protected":false},"author":1,"featured_media":0,"comment_status":"open","ping_status":"open","sticky":false,"template":"","format":"standard","meta":{"footnotes":""},"categories":[7],"tags":[],"class_list":["post-118","post","type-post","status-publish","format-standard","hentry","category-aktualnosci"],"_links":{"self":[{"href":"https:\/\/wtztrzebinia.pl\/index.php?rest_route=\/wp\/v2\/posts\/118","targetHints":{"allow":["GET"]}}],"collection":[{"href":"https:\/\/wtztrzebinia.pl\/index.php?rest_route=\/wp\/v2\/posts"}],"about":[{"href":"https:\/\/wtztrzebinia.pl\/index.php?rest_route=\/wp\/v2\/types\/post"}],"author":[{"embeddable":true,"href":"https:\/\/wtztrzebinia.pl\/index.php?rest_route=\/wp\/v2\/users\/1"}],"replies":[{"embeddable":true,"href":"https:\/\/wtztrzebinia.pl\/index.php?rest_route=%2Fwp%2Fv2%2Fcomments&post=118"}],"version-history":[{"count":0,"href":"https:\/\/wtztrzebinia.pl\/index.php?rest_route=\/wp\/v2\/posts\/118\/revisions"}],"wp:attachment":[{"href":"https:\/\/wtztrzebinia.pl\/index.php?rest_route=%2Fwp%2Fv2%2Fmedia&parent=118"}],"wp:term":[{"taxonomy":"category","embeddable":true,"href":"https:\/\/wtztrzebinia.pl\/index.php?rest_route=%2Fwp%2Fv2%2Fcategories&post=118"},{"taxonomy":"post_tag","embeddable":true,"href":"https:\/\/wtztrzebinia.pl\/index.php?rest_route=%2Fwp%2Fv2%2Ftags&post=118"}],"curies":[{"name":"wp","href":"https:\/\/api.w.org\/{rel}","templated":true}]}}