{"id":117,"date":"2013-03-08T07:36:28","date_gmt":"2013-03-08T07:36:28","guid":{"rendered":"https:\/\/wtztrzebinia.pl\/?p=117"},"modified":"2013-03-08T07:36:28","modified_gmt":"2013-03-08T07:36:28","slug":"final-albertiany-2013-krakow-04-05-2013r","status":"publish","type":"post","link":"https:\/\/wtztrzebinia.pl\/?p=117","title":{"rendered":"Fina\u0142 \u201eAlbertiany-2013\u201d \u2013 Krak\u00f3w &#8211; 04.03.2013r."},"content":{"rendered":"<p style=\"margin-bottom: 0.0001pt; line-height: normal;\">Jak zwykle w pierwszy poniedzia\u0142ek marca, tym razem wypad\u0142o to 04.03.13r., na Du\u017cej Scenie Teatru im. Juliusza S\u0142owackiego w Krakowie, odby\u0142a si\u0119 uroczysta gala XIII Og\u00f3lnopolskiego Festiwalu Tw\u00f3rczo\u015bci Teatralno-Muzycznej \u201eAlbertiana\u201d.<\/p>\n<p><!--more--><\/p>\n<p>Podczas tej gali zaprezentowali si\u0119 zdobywcy pierwszych miejsc z pi\u0119ciu region\u00f3w Polski w kategorii zespo\u0142\u00f3w teatralnych oraz solist\u00f3w. Na widowni zasiedli r\u00f3wnie\u017c laureaci drugich i trzecich miejsc i zaproszeni go\u015bcie. Byli\u015bmy tam r\u00f3wnie\u017c i MY!<\/p>\n<p>&nbsp;<\/p>\n<p style=\"margin-bottom: 0.0001pt; line-height: normal;\">W tym dniu wr\u0119czone zosta\u0142y tak\u017ce Medale \u015awi\u0119tego Brata Alberta. Wyr\u00f3\u017cnienia otrzymali: Natalia Partyka &#8211; tenisistka sto\u0142owa i medalistka Igrzysk Paraolimpijskich Londyn 2012, oraz osoby dzia\u0142aj\u0105ce na rzecz \u015brodowiska os\u00f3b niepe\u0142nosprawnych: muzyk Andrzej Zarycki, polonijny przedsi\u0119biorca Edward Olsz\u00f3wka i zakonnik o. Eugeniusz Kret.<\/p>\n","protected":false},"excerpt":{"rendered":"<p>Jak zwykle w pierwszy poniedzia\u0142ek marca, tym razem wypad\u0142o to 04.03.13r., na Du\u017cej Scenie Teatru im. Juliusza S\u0142owackiego w Krakowie, odby\u0142a si\u0119 uroczysta gala XIII Og\u00f3lnopolskiego Festiwalu Tw\u00f3rczo\u015bci Teatralno-Muzycznej \u201eAlbertiana\u201d.<\/p>\n","protected":false},"author":1,"featured_media":0,"comment_status":"open","ping_status":"open","sticky":false,"template":"","format":"standard","meta":{"footnotes":""},"categories":[7],"tags":[],"class_list":["post-117","post","type-post","status-publish","format-standard","hentry","category-aktualnosci"],"_links":{"self":[{"href":"https:\/\/wtztrzebinia.pl\/index.php?rest_route=\/wp\/v2\/posts\/117","targetHints":{"allow":["GET"]}}],"collection":[{"href":"https:\/\/wtztrzebinia.pl\/index.php?rest_route=\/wp\/v2\/posts"}],"about":[{"href":"https:\/\/wtztrzebinia.pl\/index.php?rest_route=\/wp\/v2\/types\/post"}],"author":[{"embeddable":true,"href":"https:\/\/wtztrzebinia.pl\/index.php?rest_route=\/wp\/v2\/users\/1"}],"replies":[{"embeddable":true,"href":"https:\/\/wtztrzebinia.pl\/index.php?rest_route=%2Fwp%2Fv2%2Fcomments&post=117"}],"version-history":[{"count":0,"href":"https:\/\/wtztrzebinia.pl\/index.php?rest_route=\/wp\/v2\/posts\/117\/revisions"}],"wp:attachment":[{"href":"https:\/\/wtztrzebinia.pl\/index.php?rest_route=%2Fwp%2Fv2%2Fmedia&parent=117"}],"wp:term":[{"taxonomy":"category","embeddable":true,"href":"https:\/\/wtztrzebinia.pl\/index.php?rest_route=%2Fwp%2Fv2%2Fcategories&post=117"},{"taxonomy":"post_tag","embeddable":true,"href":"https:\/\/wtztrzebinia.pl\/index.php?rest_route=%2Fwp%2Fv2%2Ftags&post=117"}],"curies":[{"name":"wp","href":"https:\/\/api.w.org\/{rel}","templated":true}]}}